{"id":3017,"date":"2019-08-11T21:57:06","date_gmt":"2019-08-12T02:57:06","guid":{"rendered":"http:\/\/www.zonaroja.com.mx\/?p=3017"},"modified":"2019-08-11T21:57:09","modified_gmt":"2019-08-12T02:57:09","slug":"cronica-salomon-jara-entre-guelaguetza-de-acarreados-y-sus-575-municipios","status":"publish","type":"post","link":"https:\/\/zonaroja.com.mx\/?p=3017","title":{"rendered":"Cr\u00f3nica. Salom\u00f3n Jara, entre Guelaguetza de acarreados y sus 575 municipios"},"content":{"rendered":"\n<p>Ismael\nGarc\u00eda M.\/Zona Roja.<\/p>\n\n\n\n<p>Oaxaca de\nJu\u00e1rez, Oax., 11 de agosto de 2019.- Fue casi apote\u00f3sico. El nacimiento de un\nsalvador de Oaxaca. Un informe con sabor a Guelaguetza y una Guelaguetza con\nsabor a acarreados. Tan euf\u00f3rico que fue el propio maestro de ceremonia que lo\ndestap\u00f3 y lo visti\u00f3 de l\u00edder, y se equivoc\u00f3:<\/p>\n\n\n\n<p>\u201cCon este\nmagno evento, por esta fiesta democr\u00e1tica, en el cual hace un a\u00f1o, m\u00e1s de un\nmill\u00f3n de oaxaque\u00f1os brindaron el voto de confianza para esta Cuarta\nTransformaci\u00f3n, para el bienestar de todas las familias oaxaque\u00f1as.<\/p>\n\n\n\n<p>\u201cHoy se\nmarca la pauta del cambio de una ruta en desarrollo de todo nuestro estado. \u00a1Un\nhombre ind\u00edgena, un hombre que conoce las necesidades de todos los oaxaque\u00f1os,\nun hombre que ha caminado los 575 municipios de Oaxaca! \u00a1El \u00fanico que puede\nconocer el desarrollo, las necesidades de de nuestros municipios! \u00a1Ese hombre\nse llama Salom\u00f3n Jara Cruz!\u201d.<\/p>\n\n\n\n<p>MARDUGAR POR $200<\/p>\n\n\n\n<figure class=\"wp-block-embed-twitter wp-block-embed is-type-rich is-provider-twitter\"><div class=\"wp-block-embed__wrapper\">\n<div class=\"twitter-tweet\"><blockquote class=\"twitter-tweet\" data-lang=\"es\"><p lang=\"es\" dir=\"ltr\"><a href=\"https:\/\/twitter.com\/hashtag\/M%C3%A9xicoGris?src=hash&amp;ref_src=twsrc%5Etfw\">#M\u00e9xicoGris<\/a><br>La calzada Heroes de Chapultepec de la capital oaxaque\u00f1a, tambi\u00e9n saturada de camiones de transporte de pasajeros que trajeron gente de diversas regiones del estado, al informe del senador <a href=\"https:\/\/twitter.com\/salomonj?ref_src=twsrc%5Etfw\">@salomonj<\/a>, en el auditorio del cerro del Fort\u00edn. <a href=\"https:\/\/t.co\/wS47XwrLNu\">pic.twitter.com\/wS47XwrLNu<\/a><\/p>&mdash; Zona Roja Oaxaca (@MexRoja) <a href=\"https:\/\/twitter.com\/MexRoja\/status\/1160613770076442624?ref_src=twsrc%5Etfw\">11 de agosto de 2019<\/a><\/blockquote><\/div>\n<\/div><\/figure>\n\n\n\n<p>Desde la\nmadrugada de hoy, salieron camiones repletos de gente de todas las regiones del\nestado. Los ediles istme\u00f1os, los que m\u00e1s contribuyeron para llenar el magno\nauditorio del cerro del Fort\u00edn, al que le caben alrededor de 12 mil almas.<\/p>\n\n\n\n<p>Filas y\nfilas de camiones, viejos y nuevos; autobuses de primera y de segunda.\nInsuficiente la calzada H\u00e9roes de Chapultepec para estacionarlos; la calle\nVenus de la colonia Estrella, igual atestada; la carretera al cerro del Fort\u00edn,\ntambi\u00e9n, y hasta inmediaciones del Instituto Tecnol\u00f3gico de Oaxaca.<\/p>\n\n\n\n<p>La fiesta lo\nmerec\u00eda. Desde las ocho de la ma\u00f1ana comenz\u00f3 a llegar la gente. Tom\u00f3 los\nlugares privilegiados para ver al nuevo mes\u00edas. Al que no le hizo mella la\nausteridad republicana que pregona el jefe, Andr\u00e9s Manuel L\u00f3pez Obrador.<\/p>\n\n\n\n<p>A las 10:00\nhoras, casi lleno. Comenz\u00f3 el espect\u00e1culo de la Guelaguetza, grupos folcl\u00f3ricos\ntra\u00eddos de todas partes. \u201cChinas oaxaque\u00f1as\u201d, \u201cFlor de Pi\u00f1a\u201d, los \u201cZancudos\u201d de\nZaachila y m\u00e1s dieron el espect\u00e1culo para distraer al populacho. Hasta la\nsoprano Fanny Leyva deleit\u00f3 a los asistentes, que felices disfrutaron de un\nvirtual tercer Lunes del Cerro en pleno domingo.<\/p>\n\n\n\n<p>Presentes, la c\u00fapula morenista: Ricardo Monreal, Susana Harp \u2013que la v\u00edspera dio un informe austero, en la sede de la Facultad de Bellas Artes de la UABJO&#8211;, Mario Delgado, entre otros.<\/p>\n\n\n\n<figure class=\"wp-block-embed-twitter wp-block-embed is-type-rich is-provider-twitter\"><div class=\"wp-block-embed__wrapper\">\n<div class=\"twitter-tweet\"><blockquote class=\"twitter-tweet\" data-lang=\"es\"><p lang=\"es\" dir=\"ltr\">Nuestra meta: que <a href=\"https:\/\/twitter.com\/hashtag\/JuntosSalvemosOaxaca?src=hash&amp;ref_src=twsrc%5Etfw\">#JuntosSalvemosOaxaca<\/a> y dejemos atr\u00e1s d\u00e9cadas de dispendio, rezago y exclusi\u00f3n con visi\u00f3n, honestidad, austeridad, eficiencia y responsabilidad. Estamos construyendo una nueva Naci\u00f3n para las futuras generaciones.<a href=\"https:\/\/twitter.com\/hashtag\/PrimerInformeDeActividades?src=hash&amp;ref_src=twsrc%5Etfw\">#PrimerInformeDeActividades<\/a> <a href=\"https:\/\/t.co\/s9t8D7vyis\">pic.twitter.com\/s9t8D7vyis<\/a><\/p>&mdash; Salom\u00f3n Jara Cruz (@salomonj) <a href=\"https:\/\/twitter.com\/salomonj\/status\/1160607580248408065?ref_src=twsrc%5Etfw\">11 de agosto de 2019<\/a><\/blockquote><\/div>\n<\/div><\/figure>\n\n\n\n<p>Cual destape\nbien preparado, fue el cuestionado edil morenista, Oswaldo Garc\u00eda Jarqu\u00edn,\nquien dio la bienvenida. Luego el diputado federal Mario Delgado. <\/p>\n\n\n\n<p>Despu\u00e9s la\nestrella del d\u00eda. Y de los pr\u00f3ximos d\u00edas:<\/p>\n\n\n\n<p>\u201cEs tiempo\nde unidad, no de divisiones. Tenemos una gran capacidad para sacar un proyecto\nacorde a las demandas del pa\u00eds, debemos unirnos para mantener una dirigencia\nfuerte. Una unidad que ayude a seguir construyendo la historia de este\npa\u00eds\u00bb.<\/p>\n\n\n\n<p>Aplausos,\nvivas, sombreros al aire. El prohombre lleg\u00f3, arropado por la nueva clase\ngobernante. <\/p>\n\n\n\n<p>Toc\u00f3 el\nturno a Ricardo Monreal. Pero la gente comenz\u00f3 a retirarse, pasada las doce del\nd\u00eda. <\/p>\n\n\n\n<p>LA\nCONTRADICCI\u00d3N<\/p>\n\n\n\n<p>\u201cNuestra\nmeta: que juntos salvemos a Oaxaca y dejemos atr\u00e1s d\u00e9cadas de dispendio,\nrezago, exclusi\u00f3n con visi\u00f3n, honestidad, austeridad, eficiencia y\nresponsabilidad\u201d, poste\u00f3 Salom\u00f3n Jara.<\/p>\n\n\n\n<p>Pero fue una fiesta apote\u00f3sica. Al viejo estilo priista. Con tufos Y con absoluta opacidad. Con dispendio y sin austeridad. Nadie sabe, nadie supo, qui\u00e9n pag\u00f3 la renta del auditorio, de los autobuses, de las tortas, y a la gente. Es la Cuarta Transformaci\u00f3n en pleno que ahora busca la gubernatura.<\/p>\n\n\n\n<figure class=\"wp-block-embed-twitter wp-block-embed is-type-rich is-provider-twitter\"><div class=\"wp-block-embed__wrapper\">\n<div class=\"twitter-tweet\"><blockquote class=\"twitter-tweet\" data-lang=\"es\"><p lang=\"es\" dir=\"ltr\"><a href=\"https:\/\/twitter.com\/hashtag\/M%C3%A9xicoGris?src=hash&amp;ref_src=twsrc%5Etfw\">#M\u00e9xicoGris<\/a><br>Cientos de autobuses provenientes de diversas regiones de <a href=\"https:\/\/twitter.com\/hashtag\/Oaxaca?src=hash&amp;ref_src=twsrc%5Etfw\">#Oaxaca<\/a>, acarrearon gente al auditorio \u201cGuelaguetza\u201d de la capital, para el informe del senador por <a href=\"https:\/\/twitter.com\/PartidoMorenaMx?ref_src=twsrc%5Etfw\">@PartidoMorenaMx<\/a>, <a href=\"https:\/\/twitter.com\/salomonj?ref_src=twsrc%5Etfw\">@salomonj<\/a>, tambi\u00e9n vocero de esa fracci\u00f3n parlamentaria en el <a href=\"https:\/\/twitter.com\/senadomexicano?ref_src=twsrc%5Etfw\">@senadomexicano<\/a>. <a href=\"https:\/\/t.co\/sWvyL6xTqT\">pic.twitter.com\/sWvyL6xTqT<\/a><\/p>&mdash; Zona Roja Oaxaca (@MexRoja) <a href=\"https:\/\/twitter.com\/MexRoja\/status\/1160576028252626945?ref_src=twsrc%5Etfw\">11 de agosto de 2019<\/a><\/blockquote><\/div>\n<\/div><\/figure>\n","protected":false},"excerpt":{"rendered":"<p>Ismael Garc\u00eda M.\/Zona Roja. Oaxaca de Ju\u00e1rez, Oax., 11 de agosto de 2019.- Fue casi&hellip;<\/p>\n","protected":false},"author":2,"featured_media":3018,"comment_status":"closed","ping_status":"open","sticky":false,"template":"","format":"standard","meta":{"_lmt_disableupdate":"","_lmt_disable":"","_jetpack_memberships_contains_paid_content":false,"footnotes":""},"categories":[109,47],"tags":[537],"class_list":["post-3017","post","type-post","status-publish","format-standard","has-post-thumbnail","hentry","category-minuto-a-minuto","category-zona-gris","tag-informe-salomon-jara-cruz"],"jetpack_featured_media_url":"https:\/\/zonaroja.com.mx\/wp-content\/uploads\/2019\/08\/c0193835-68ca-453c-ab60-c0433621349d.jpg","jetpack_sharing_enabled":true,"_links":{"self":[{"href":"https:\/\/zonaroja.com.mx\/index.php?rest_route=\/wp\/v2\/posts\/3017","targetHints":{"allow":["GET"]}}],"collection":[{"href":"https:\/\/zonaroja.com.mx\/index.php?rest_route=\/wp\/v2\/posts"}],"about":[{"href":"https:\/\/zonaroja.com.mx\/index.php?rest_route=\/wp\/v2\/types\/post"}],"author":[{"embeddable":true,"href":"https:\/\/zonaroja.com.mx\/index.php?rest_route=\/wp\/v2\/users\/2"}],"replies":[{"embeddable":true,"href":"https:\/\/zonaroja.com.mx\/index.php?rest_route=%2Fwp%2Fv2%2Fcomments&post=3017"}],"version-history":[{"count":1,"href":"https:\/\/zonaroja.com.mx\/index.php?rest_route=\/wp\/v2\/posts\/3017\/revisions"}],"predecessor-version":[{"id":3019,"href":"https:\/\/zonaroja.com.mx\/index.php?rest_route=\/wp\/v2\/posts\/3017\/revisions\/3019"}],"wp:featuredmedia":[{"embeddable":true,"href":"https:\/\/zonaroja.com.mx\/index.php?rest_route=\/wp\/v2\/media\/3018"}],"wp:attachment":[{"href":"https:\/\/zonaroja.com.mx\/index.php?rest_route=%2Fwp%2Fv2%2Fmedia&parent=3017"}],"wp:term":[{"taxonomy":"category","embeddable":true,"href":"https:\/\/zonaroja.com.mx\/index.php?rest_route=%2Fwp%2Fv2%2Fcategories&post=3017"},{"taxonomy":"post_tag","embeddable":true,"href":"https:\/\/zonaroja.com.mx\/index.php?rest_route=%2Fwp%2Fv2%2Ftags&post=3017"}],"curies":[{"name":"wp","href":"https:\/\/api.w.org\/{rel}","templated":true}]}}