{"id":30173,"date":"2021-07-26T08:44:32","date_gmt":"2021-07-26T13:44:32","guid":{"rendered":"http:\/\/www.zonaroja.com.mx\/?p=30173"},"modified":"2021-07-26T08:44:38","modified_gmt":"2021-07-26T13:44:38","slug":"rap-feminista-y-de-conciencia-con-mare-advertencia-lirika","status":"publish","type":"post","link":"https:\/\/zonaroja.com.mx\/?p=30173","title":{"rendered":"Rap feminista y de conciencia, con \u201cMare Advertencia Lirika\u201d"},"content":{"rendered":"\n<p>Redacci\u00f3n\/Zona Roja.<\/p>\n\n\n\n<p>Oaxaca de Ju\u00e1rez, Oax., 26 de julio de 2021.- La m\u00fasica feminista ha tenido un auge importante en los \u00faltimos a\u00f1os, letras que exponen la violencia a la que se enfrentan las mujeres, que las invitan a tomar decisiones propias y a defender sus derechos se han convertido incluso en referentes del activismo.<\/p>\n\n\n\n<p>Una de las principales exponentes del rap feminista en Latinoam\u00e9rica es \u201cMare Advertencia Lirika\u201d, joven zapoteca que asume la responsabilidad de incluir en sus letras las luchas de las mujeres, las madres en busca de sus hijas e hijos y de los pueblos ind\u00edgenas en defensa de su territorio.&nbsp;<\/p>\n\n\n\n<p>\u201cLas letras que cantamos tienen una historia que contar. Y la m\u00fasica tiene una responsabilidad como medio de comunicaci\u00f3n para entablar un puente de dialogo o cuestionamiento social, hay que poner atenci\u00f3n en que nos est\u00e1 diciendo como sociedad\u201d, explica.&nbsp;<\/p>\n\n\n\n<p>La rapera feminista, que abri\u00f3 camino para las mujeres en este g\u00e9nero en Oaxaca, se convirti\u00f3 en la s\u00e9ptima invitada del podcast feminista \u201cOla Violeta\u201d, proyecto independiente que encabeza la periodista y colaboradora de Zona Roja, Evlin Arag\u00f3n.&nbsp;&nbsp;&nbsp;<\/p>\n\n\n\n<p>\u201cEstamos escuchando historias de mujeres que antes no eran contadas, mujeres que pueden estar solas y que toman el poder, la m\u00fasica refleja los cambios ideol\u00f3gicos que se est\u00e1n dando en la sociedad\u201d expone en entrevista.&nbsp;<\/p>\n\n\n\n<p>De acuerdo con la artista oaxaque\u00f1a, una de las bondades del rap es que nadie te cuestiona porque est\u00e1s enojada, como s\u00ed lo hacen en otros lados de la sociedad, de ah\u00ed que encontr\u00f3 en este g\u00e9nero el mejor lugar para expresar las injusticias que ve\u00eda en el mundo, que no pod\u00eda ni quer\u00eda callar.<\/p>\n\n\n\n<p>En el caso del rap feminista, responde a una coyuntura con la lucha de las mujeres por sus derechos, que ya se hac\u00eda presente en otras expresiones art\u00edsticas y que eran justamente aprovechadas para reivindicarse, tomar postura y convertirse en aliadas de otras mujeres.&nbsp;<\/p>\n\n\n\n<p>\u201cCuando una se nombra feminista se hace visible para otras mujeres as\u00ed como en alg\u00fan momento nos nombramos raperas, el tener que salir, tomar nuestra palabra y usar esa herramienta fue un reto, tambi\u00e9n lo fue plantearme que historias quer\u00eda contar a partir de lo que soy y la historia que me atraviesa\u201d, indica.<\/p>\n\n\n\n<p>\u201cMare Advertencia Lirika\u201d es considerada un referente en el rap feminista en Latinoam\u00e9rica, para ella este t\u00edtulo representa una gran responsabilidad sobre su palabra, sobre las historias que est\u00e1 contando, de ah\u00ed que propone no s\u00f3lo incluir al feminismo en las letras, sino otros temas como la defensa del territorio, el racismo, el clasismo, y otras luchas que merecen ser contadas.&nbsp;<\/p>\n\n\n\n<p>En este episodio n\u00famero siete se incluye la historia de Gloria Anzald\u00faa, as\u00ed como una breve definici\u00f3n del escrache feminista, como parte de sus secciones \u201cPioneras\u201d y \u201cDiccionario Violeta\u201d.&nbsp;&nbsp;&nbsp;<\/p>\n\n\n\n<p>\u201cOla Violeta\u201d es un podcast feminista conducido por la periodista Evlin Arag\u00f3n que, en su primera temporada, aborda los principales temas de la agenda feminista en Oaxaca y que se encuentra disponible en Spotify, Deezer, Apple Podcast, Amazon Music y Google Podcast.&nbsp;<\/p>\n\n\n\n<p>Spotify<\/p>\n\n\n\n<figure class=\"wp-block-embed-spotify wp-block-embed is-type-rich is-provider-spotify wp-embed-aspect-21-9 wp-has-aspect-ratio\"><div class=\"wp-block-embed__wrapper\">\n<iframe title=\"Spotify Embed: E7: El Feminismo en la M\u00fasica, entrevista con Mare Advertencia Lirika\" width=\"100%\" height=\"232\" allowtransparency=\"true\" frameborder=\"0\" allow=\"encrypted-media\" src=\"https:\/\/open.spotify.com\/embed\/episode\/34I1KVuE7WW6h3jySbgXg4\"><\/iframe>\n<\/div><\/figure>\n\n\n\n<p>Deezer<\/p>\n\n\n\n<figure class=\"wp-block-embed\"><div class=\"wp-block-embed__wrapper\">\nhttps:\/\/deezer.page.link\/DK2RN1XFip3CkJVM6\n<\/div><\/figure>\n\n\n\n<p>Apple Podcast<\/p>\n\n\n\n<figure class=\"wp-block-embed\"><div class=\"wp-block-embed__wrapper\">\nhttps:\/\/podcasts.apple.com\/mx\/podcast\/e7-feminismo-en-la-m%C3%BAsica-entrevista-con-mare-advertencia\/id1557127882?i=1000529654065\n<\/div><\/figure>\n\n\n\n<p>Amazon Music&nbsp;<\/p>\n\n\n\n<figure class=\"wp-block-embed\"><div class=\"wp-block-embed__wrapper\">\nhttps:\/\/music.amazon.com.mx\/podcasts\/74b73f38-c350-4c24-af00-342529dbf970\/episodes\/951a825e-da31-4880-b39c-fbefbc3160ad\/OLA-VIOLETAE7-EL-FEMINISMO-EN-LA-MSICA-ENTREVISTA-CON-MARE-ADVERTENCIA-LIRIKA\n<\/div><\/figure>\n\n\n\n<p>Google Podcast.&nbsp;&nbsp;&nbsp;&nbsp;<\/p>\n\n\n\n<figure class=\"wp-block-embed\"><div class=\"wp-block-embed__wrapper\">\nhttps:\/\/podcasts.google.com\/feed\/aHR0cHM6Ly9hbmNob3IuZm0vcy80ZDkzOWJjNC9wb2RjYXN0L3Jzcw\/episode\/ZGNjMDdkYWYtYzE5Mi00MzRkLTg2MTYtMTY5ODdiMDJjOWQw?sa=X&#038;ved=0CAUQkfYCahgKEwjosZ-s5PXxAhUAAAAAHQAAAAAQ0gE\n<\/div><\/figure>\n","protected":false},"excerpt":{"rendered":"<p>Redacci\u00f3n\/Zona Roja. Oaxaca de Ju\u00e1rez, Oax., 26 de julio de 2021.- La m\u00fasica feminista ha&hellip;<\/p>\n","protected":false},"author":2,"featured_media":30174,"comment_status":"closed","ping_status":"open","sticky":false,"template":"","format":"standard","meta":{"_lmt_disableupdate":"","_lmt_disable":"","_jetpack_memberships_contains_paid_content":false,"footnotes":""},"categories":[109,46],"tags":[2548,2514],"class_list":["post-30173","post","type-post","status-publish","format-standard","has-post-thumbnail","hentry","category-minuto-a-minuto","category-zona-blanca","tag-ola-violeta","tag-evlin-aragon"],"jetpack_featured_media_url":"https:\/\/zonaroja.com.mx\/wp-content\/uploads\/2021\/07\/Mare-Advertencia-Lirika-Ola-Violeta.jpg","jetpack_sharing_enabled":true,"_links":{"self":[{"href":"https:\/\/zonaroja.com.mx\/index.php?rest_route=\/wp\/v2\/posts\/30173","targetHints":{"allow":["GET"]}}],"collection":[{"href":"https:\/\/zonaroja.com.mx\/index.php?rest_route=\/wp\/v2\/posts"}],"about":[{"href":"https:\/\/zonaroja.com.mx\/index.php?rest_route=\/wp\/v2\/types\/post"}],"author":[{"embeddable":true,"href":"https:\/\/zonaroja.com.mx\/index.php?rest_route=\/wp\/v2\/users\/2"}],"replies":[{"embeddable":true,"href":"https:\/\/zonaroja.com.mx\/index.php?rest_route=%2Fwp%2Fv2%2Fcomments&post=30173"}],"version-history":[{"count":1,"href":"https:\/\/zonaroja.com.mx\/index.php?rest_route=\/wp\/v2\/posts\/30173\/revisions"}],"predecessor-version":[{"id":30175,"href":"https:\/\/zonaroja.com.mx\/index.php?rest_route=\/wp\/v2\/posts\/30173\/revisions\/30175"}],"wp:featuredmedia":[{"embeddable":true,"href":"https:\/\/zonaroja.com.mx\/index.php?rest_route=\/wp\/v2\/media\/30174"}],"wp:attachment":[{"href":"https:\/\/zonaroja.com.mx\/index.php?rest_route=%2Fwp%2Fv2%2Fmedia&parent=30173"}],"wp:term":[{"taxonomy":"category","embeddable":true,"href":"https:\/\/zonaroja.com.mx\/index.php?rest_route=%2Fwp%2Fv2%2Fcategories&post=30173"},{"taxonomy":"post_tag","embeddable":true,"href":"https:\/\/zonaroja.com.mx\/index.php?rest_route=%2Fwp%2Fv2%2Ftags&post=30173"}],"curies":[{"name":"wp","href":"https:\/\/api.w.org\/{rel}","templated":true}]}}