{"id":30176,"date":"2021-07-26T09:46:43","date_gmt":"2021-07-26T14:46:43","guid":{"rendered":"http:\/\/www.zonaroja.com.mx\/?p=30176"},"modified":"2021-07-26T09:46:47","modified_gmt":"2021-07-26T14:46:47","slug":"usan-morenistas-de-oaxaca-la-consulta-ciudadana-para-promover-su-imagen","status":"publish","type":"post","link":"https:\/\/zonaroja.com.mx\/?p=30176","title":{"rendered":"Usan morenistas de Oaxaca la consulta ciudadana para promover su imagen"},"content":{"rendered":"\n<p>Ismael Garc\u00eda M.\/Zona Roja.<\/p>\n\n\n\n<p>Oaxaca de Ju\u00e1rez, Oax., 25 de julio de 2021.- Un ejercicio ciudadano, avalado por el Instituto Nacional Electoral (INE), se convirti\u00f3 en Oaxaca en una competencia de promoci\u00f3n personal de imagen, entre aspirantes a la gubernatura.<\/p>\n\n\n\n<p>En distintos puntos de la ciudad capital, as\u00ed como en la zona conurbada y el interior del estado, se observan lonas sobre fachadas de domicilios, puentes peatonales o incluso inmuebles p\u00fablicos.<\/p>\n\n\n\n<p>Asimismo, calcas en unidades de motor y brigadas promocionando la imagen de un aspirante de la gubernatura, m\u00e1s que la el proceso consulta ciudadana que se efectuar\u00e1 el pr\u00f3ximo domingo 1 de agosto y en que se preguntar\u00e1 a los mexicanos si est\u00e1n de acuerdo o no en llevar ante la justicia a los \u00faltimos cinco ex presidentes de M\u00e9xico, por delitos que habr\u00edan cometido.<\/p>\n\n\n\n<p>Dos de ellos tienen el mayor n\u00famero de materiales de promoci\u00f3n pol\u00edtica con su imagen y su logotipo, Salom\u00f3n Jara Cruz, senador de la Rep\u00fablica, y Armando Contreras Castillo, diputado federal.<\/p>\n\n\n\n<p>Uno m\u00e1s se sum\u00f3 este fin de semana, Alberto Esteva Salinas, quien es actualmente encargado de la alcald\u00eda de \u00c1lvaro Obreg\u00f3n en la Ciudad de M\u00e9xico, y quien tambi\u00e9n inici\u00f3 una intensa promoci\u00f3n pol\u00edtica, con miras a la sucesi\u00f3n gubernamental, cuyo proceso electoral inicia en septiembre pr\u00f3ximo.<\/p>\n\n\n\n<figure class=\"wp-block-embed-twitter wp-block-embed is-type-rich is-provider-twitter\"><div class=\"wp-block-embed__wrapper\">\n<div class=\"twitter-tweet\"><blockquote class=\"twitter-tweet\" data-lang=\"es\"><p lang=\"es\" dir=\"ltr\">El pr\u00f3ximo 1 de agosto es la consulta nacional para saber si se enjuicia o no a ex presidentes de <a href=\"https:\/\/twitter.com\/hashtag\/M%C3%A9xico?src=hash&amp;ref_src=twsrc%5Etfw\">#M\u00e9xico<\/a>. <br>Pero Morena se apropi\u00f3 para s\u00ed este ejercicio avalado por el INE. <br>Y el <a href=\"https:\/\/twitter.com\/hashtag\/Oaxaca?src=hash&amp;ref_src=twsrc%5Etfw\">#Oaxaca<\/a>, lo usan para excesiva promoci\u00f3n personal <a href=\"https:\/\/twitter.com\/salomonj?ref_src=twsrc%5Etfw\">@salomonj<\/a>, <a href=\"https:\/\/twitter.com\/ArmandoContCast?ref_src=twsrc%5Etfw\">@ArmandoContCast<\/a> y <a href=\"https:\/\/twitter.com\/AlbertoEsteva?ref_src=twsrc%5Etfw\">@AlbertoEsteva<\/a>. Vea: <a href=\"https:\/\/t.co\/gW8riIPtXh\">pic.twitter.com\/gW8riIPtXh<\/a><\/p>&mdash; Zona Roja Oaxaca (@Zona_Roja_Oax) <a href=\"https:\/\/twitter.com\/Zona_Roja_Oax\/status\/1419477288563970050?ref_src=twsrc%5Etfw\">26 de julio de 2021<\/a><\/blockquote><\/div>\n<\/div><\/figure>\n\n\n\n<p>Pero quien desde que inici\u00f3 su cargo como senador y ahora intensifica sus actos proselitistas, es Salom\u00f3n Jara Cruz, quien todos los fines de semana ha presidido reuniones p\u00fablicas.<\/p>\n\n\n\n<p>Pese al incremento de casos de Covid-19, por la tercera ola de la pandemia, apenas este s\u00e1bado presidi\u00f3 un evento con cientos de j\u00f3venes, todos sin sana distancia y muchos de ellos sin cubreboca.<\/p>\n\n\n\n<p>\u201cEn el marco del primer encuentro estatal del movimiento morena J\u00f3venes y Estudiantes (MorenaJe), en el que fue como invitado, Jara Cruz reconoci\u00f3 el importante papel que las y los j\u00f3venes han asumido para lograr cambios en la vida p\u00fablica de M\u00e9xico, mismo desempe\u00f1o que tendr\u00e1n en la consulta popular\u201d, refiri\u00f3 en un comunicado de prensa.<\/p>\n\n\n\n<p>Sin embargo, ni el mismo Jara Cruz ni los panelistas portaban cubreboca, mientras que al final decenas se arremolinaron para tomarse la foto y en que de acuerdo con fotograf\u00edas divulgadas, se aprecia que no portan cubrebocas, pese a que los j\u00f3venes ahora son el segmento poblacional m\u00e1s susceptible al Covid-19.<\/p>\n","protected":false},"excerpt":{"rendered":"<p>Ismael Garc\u00eda M.\/Zona Roja. Oaxaca de Ju\u00e1rez, Oax., 25 de julio de 2021.- Un ejercicio&hellip;<\/p>\n","protected":false},"author":2,"featured_media":30177,"comment_status":"closed","ping_status":"open","sticky":false,"template":"","format":"standard","meta":{"_lmt_disableupdate":"","_lmt_disable":"","_jetpack_memberships_contains_paid_content":false,"footnotes":""},"categories":[109,47],"tags":[939],"class_list":["post-30176","post","type-post","status-publish","format-standard","has-post-thumbnail","hentry","category-minuto-a-minuto","category-zona-gris","tag-salomon-jara-cruz"],"jetpack_featured_media_url":"https:\/\/zonaroja.com.mx\/wp-content\/uploads\/2021\/07\/Promocion-Salomon-Jara.jpg","jetpack_sharing_enabled":true,"_links":{"self":[{"href":"https:\/\/zonaroja.com.mx\/index.php?rest_route=\/wp\/v2\/posts\/30176","targetHints":{"allow":["GET"]}}],"collection":[{"href":"https:\/\/zonaroja.com.mx\/index.php?rest_route=\/wp\/v2\/posts"}],"about":[{"href":"https:\/\/zonaroja.com.mx\/index.php?rest_route=\/wp\/v2\/types\/post"}],"author":[{"embeddable":true,"href":"https:\/\/zonaroja.com.mx\/index.php?rest_route=\/wp\/v2\/users\/2"}],"replies":[{"embeddable":true,"href":"https:\/\/zonaroja.com.mx\/index.php?rest_route=%2Fwp%2Fv2%2Fcomments&post=30176"}],"version-history":[{"count":1,"href":"https:\/\/zonaroja.com.mx\/index.php?rest_route=\/wp\/v2\/posts\/30176\/revisions"}],"predecessor-version":[{"id":30178,"href":"https:\/\/zonaroja.com.mx\/index.php?rest_route=\/wp\/v2\/posts\/30176\/revisions\/30178"}],"wp:featuredmedia":[{"embeddable":true,"href":"https:\/\/zonaroja.com.mx\/index.php?rest_route=\/wp\/v2\/media\/30177"}],"wp:attachment":[{"href":"https:\/\/zonaroja.com.mx\/index.php?rest_route=%2Fwp%2Fv2%2Fmedia&parent=30176"}],"wp:term":[{"taxonomy":"category","embeddable":true,"href":"https:\/\/zonaroja.com.mx\/index.php?rest_route=%2Fwp%2Fv2%2Fcategories&post=30176"},{"taxonomy":"post_tag","embeddable":true,"href":"https:\/\/zonaroja.com.mx\/index.php?rest_route=%2Fwp%2Fv2%2Ftags&post=30176"}],"curies":[{"name":"wp","href":"https:\/\/api.w.org\/{rel}","templated":true}]}}