{"id":30182,"date":"2021-07-26T16:21:11","date_gmt":"2021-07-26T21:21:11","guid":{"rendered":"http:\/\/www.zonaroja.com.mx\/?p=30182"},"modified":"2021-07-26T16:21:15","modified_gmt":"2021-07-26T21:21:15","slug":"organizaciones-apoyan-consulta-popular-pero-piden-que-no-sea-simulacion","status":"publish","type":"post","link":"https:\/\/zonaroja.com.mx\/?p=30182","title":{"rendered":"Organizaciones apoyan consulta popular, pero piden que no sea simulaci\u00f3n"},"content":{"rendered":"\n<p>Evlin Arag\u00f3n\/Zona Roja.<\/p>\n\n\n\n<p>Oaxaca de Ju\u00e1rez, Oax., 26 de julio de 2021.- Integrantes de diversas organizaciones sociales se pronunciaron hoy a favor de la consulta popular que se llevar\u00e1 a cabo este domingo 1 de agosto para enjuiciar a ex presidentes de M\u00e9xico.<\/p>\n\n\n\n<p>Pero tambi\u00e9n remarcaron que en Oaxaca debe haber un ejercicio similar, para llevar a la justicia a ex gobernadores de Oaxaca como Ulises Ruiz Ortiz y Gabino Cu\u00e9 Monteagudo, por diversos delitos.&nbsp;&nbsp;<\/p>\n\n\n\n<p>As\u00ed lo expusieron en conferencia de prensa en donde exigieron el car\u00e1cter de vinculante de la consulta y no quede en una simulaci\u00f3n m\u00e1s por parte de las autoridades, con la intenci\u00f3n de que se pueda hacer efectivo el enjuiciamiento de ex presidentes como fue planteada en un inicio por el Presidente de la Rep\u00fablica, Andr\u00e9s Manuel L\u00f3pez Obrador.&nbsp;<\/p>\n\n\n\n<p>\u201cCada uno de los ex presidentes deben ser llevados a juicio con o sin consulta popular, ya que a lo largo de la historia de nuestro pa\u00eds hemos visto que desde el poder los partidos pol\u00edticos han realizado actos criminales en contra del pueblo de M\u00e9xico\u201d, refirieron, en voz de Santiago Ambrosio.&nbsp;<\/p>\n\n\n\n<p>De manera espec\u00edfica, indicaron que los expresidentes deben responde a hechos como los de Acteal, Ostula, San Fernando, Tanhuato, 2006 en Oaxaca, la desaparici\u00f3n de los normalistas en Ayotzinapa, los hechos de Atenco, Tlatlaya, Nochixtl\u00e1n, la masacre de Huazantl\u00e1n del R\u00edo, los presos pol\u00edticos, los desaparecidos y las ejecuciones extrajudiciales.\u00a0<\/p>\n\n\n\n<figure class=\"wp-block-embed-twitter wp-block-embed is-type-rich is-provider-twitter\"><div class=\"wp-block-embed__wrapper\">\n<div class=\"twitter-tweet\"><blockquote class=\"twitter-tweet\" data-lang=\"es\"><p lang=\"es\" dir=\"ltr\"><a href=\"https:\/\/twitter.com\/hashtag\/%C3%9AltimoMinuto?src=hash&amp;ref_src=twsrc%5Etfw\">#\u00daltimoMinuto<\/a> <br>As\u00ed quemaron activistas de organizaciones sociales la publicidad de <a href=\"https:\/\/twitter.com\/AlbertoEsteva?ref_src=twsrc%5Etfw\">@AlbertoEsteva<\/a>, alcalde de \u00c1lvaro Obreg\u00f3n de la Cdmx, pero que se promociona en <a href=\"https:\/\/twitter.com\/hashtag\/Oaxaca?src=hash&amp;ref_src=twsrc%5Etfw\">#Oaxaca<\/a> en busca de candidatura a la gubernatura. <br>Lo repudian y califican de represor. <a href=\"https:\/\/t.co\/fK1Mu8nSuV\">pic.twitter.com\/fK1Mu8nSuV<\/a><\/p>&mdash; Zona Roja Oaxaca (@Zona_Roja_Oax) <a href=\"https:\/\/twitter.com\/Zona_Roja_Oax\/status\/1419697227845484560?ref_src=twsrc%5Etfw\">26 de julio de 2021<\/a><\/blockquote><\/div>\n<\/div><\/figure>\n\n\n\n<p>\u201cDebe garantizarse al pueblo de M\u00e9xico que esos criminales sean juzgados y llevados a la c\u00e1rcel, no solo por sus decisiones pol\u00edticas, sino tambi\u00e9n por su hecho de corrupci\u00f3n y todos los delitos de les humanidad cometido por \u00f3rdenes suyas\u201d, se\u00f1alaron.&nbsp;<\/p>\n\n\n\n<p>Por lo anterior, invitaron a la ciudadan\u00eda a participar de manera masiva en la consulta, a la par que cuestionaron la aparici\u00f3n de mantas promocionando el ejercicio popular con el rostro de personajes de la pol\u00edtica, tal es el caso de Alberto Esteva Salinas, quien se refugi\u00f3 en la Ciudad de M\u00e9xico, tras su penoso paso por el funcionariado p\u00fablico en Oaxaca, por lo que realizaron la quema de dicha propaganda.<\/p>\n\n\n\n<p>Explicaron que, dicho personaje, agredi\u00f3 al movimiento social en 2014 y 2015 y encarcel\u00f3 a varios de sus integrantes desde la Secretar\u00eda d Seguridad P\u00fablica de Oaxaca, de la que fue titular durante la administraci\u00f3n de Gabino Cu\u00e9 Monteagudo, que result\u00f3 una decepci\u00f3n para el pueblo.&nbsp;<\/p>\n\n\n\n<p>\u201cPara lo \u00fanico que sirvi\u00f3 Alberto Esteva Salinas fue para reprimir. El Presidente debe de saber que la consulta est\u00e1 siendo utilizada y nosotros no lo vamos a permitir\u201d, expusieron.\u00a0<\/p>\n\n\n\n<figure class=\"wp-block-embed-twitter wp-block-embed is-type-rich is-provider-twitter\"><div class=\"wp-block-embed__wrapper\">\n<div class=\"twitter-tweet\"><blockquote class=\"twitter-tweet\" data-lang=\"es\"><p lang=\"es\" dir=\"ltr\"><a href=\"https:\/\/twitter.com\/hashtag\/ENVIVO?src=hash&amp;ref_src=twsrc%5Etfw\">#ENVIVO<\/a><br>Oaxaca de Ju\u00e1rez, Oax., 26 de julio de 2021.- Organizaciones sociales dan a conocer su posicionamiento respecto a la consulta ciudadana a realizarse el pr\u00f3ximo 1 de agosto.<br>Siga aqu\u00ed la transmisi\u00f3n:<br>\ud83d\udc47<a href=\"https:\/\/t.co\/RUuSrPktTp\">https:\/\/t.co\/RUuSrPktTp<\/a><\/p>&mdash; Zona Roja Oaxaca (@Zona_Roja_Oax) <a href=\"https:\/\/twitter.com\/Zona_Roja_Oax\/status\/1419678752162951169?ref_src=twsrc%5Etfw\">26 de julio de 2021<\/a><\/blockquote><\/div>\n<\/div><\/figure>\n\n\n\n<p>Finalmente, anunciaron el inicio de su Jornada por Verdad y Justicia con la intenci\u00f3n de visibilizar la falta de justicia en Oaxaca, misma que dar\u00e1 inicio el pr\u00f3ximo tres de agosto con una huelga de hambre.<\/p>\n\n\n\n<p>Posteriormente, el 9 de agosto, llevar\u00e1n a cabo una marcha caravana de Oaxaca a la Ciudad de M\u00e9xico, y el 24 del mismo mes, se realizar\u00e1 la acci\u00f3n global por justicia para Tom\u00e1s Mart\u00ednez, a un a\u00f1o de su asesinato.&nbsp;<\/p>\n\n\n\n<p>Las organizaciones participantes en dichas acciones son el Comit\u00e9 de V\u00edctimas por Justicia y Verdad \u201c19 de junio\u201d, Frente Popular Revolucionario, Movimiento de Unificaci\u00f3n de Lucha Triqui, Uni\u00f3n de Artesanos y Comerciantes en Lucha, Defensor\u00eda de los Derechos Humanos por la Justicia, Movimiento de Acci\u00f3n Social, Consejo de Comunidades Ind\u00edgenas de la Regi\u00f3n Loxicha y Sierra Sur; Bloque Comunitario del Sur, Comit\u00e9 de V\u00edctimas y Familiares Ikoots de la Masacre de San Mateo del Mar.<\/p>\n","protected":false},"excerpt":{"rendered":"<p>Evlin Arag\u00f3n\/Zona Roja. Oaxaca de Ju\u00e1rez, Oax., 26 de julio de 2021.- Integrantes de diversas&hellip;<\/p>\n","protected":false},"author":2,"featured_media":30183,"comment_status":"closed","ping_status":"open","sticky":false,"template":"","format":"standard","meta":{"_lmt_disableupdate":"","_lmt_disable":"","_jetpack_memberships_contains_paid_content":false,"footnotes":""},"categories":[109,47],"tags":[],"class_list":["post-30182","post","type-post","status-publish","format-standard","has-post-thumbnail","hentry","category-minuto-a-minuto","category-zona-gris"],"jetpack_featured_media_url":"https:\/\/zonaroja.com.mx\/wp-content\/uploads\/2021\/07\/Consulta-ciudadana-propaganda-Esteva-Salinas.jpg","jetpack_sharing_enabled":true,"_links":{"self":[{"href":"https:\/\/zonaroja.com.mx\/index.php?rest_route=\/wp\/v2\/posts\/30182","targetHints":{"allow":["GET"]}}],"collection":[{"href":"https:\/\/zonaroja.com.mx\/index.php?rest_route=\/wp\/v2\/posts"}],"about":[{"href":"https:\/\/zonaroja.com.mx\/index.php?rest_route=\/wp\/v2\/types\/post"}],"author":[{"embeddable":true,"href":"https:\/\/zonaroja.com.mx\/index.php?rest_route=\/wp\/v2\/users\/2"}],"replies":[{"embeddable":true,"href":"https:\/\/zonaroja.com.mx\/index.php?rest_route=%2Fwp%2Fv2%2Fcomments&post=30182"}],"version-history":[{"count":1,"href":"https:\/\/zonaroja.com.mx\/index.php?rest_route=\/wp\/v2\/posts\/30182\/revisions"}],"predecessor-version":[{"id":30184,"href":"https:\/\/zonaroja.com.mx\/index.php?rest_route=\/wp\/v2\/posts\/30182\/revisions\/30184"}],"wp:featuredmedia":[{"embeddable":true,"href":"https:\/\/zonaroja.com.mx\/index.php?rest_route=\/wp\/v2\/media\/30183"}],"wp:attachment":[{"href":"https:\/\/zonaroja.com.mx\/index.php?rest_route=%2Fwp%2Fv2%2Fmedia&parent=30182"}],"wp:term":[{"taxonomy":"category","embeddable":true,"href":"https:\/\/zonaroja.com.mx\/index.php?rest_route=%2Fwp%2Fv2%2Fcategories&post=30182"},{"taxonomy":"post_tag","embeddable":true,"href":"https:\/\/zonaroja.com.mx\/index.php?rest_route=%2Fwp%2Fv2%2Ftags&post=30182"}],"curies":[{"name":"wp","href":"https:\/\/api.w.org\/{rel}","templated":true}]}}