{"id":30185,"date":"2021-07-26T19:25:34","date_gmt":"2021-07-27T00:25:34","guid":{"rendered":"http:\/\/www.zonaroja.com.mx\/?p=30185"},"modified":"2021-07-26T19:25:37","modified_gmt":"2021-07-27T00:25:37","slug":"comunidades-de-valles-centrales-obtienen-triunfo-contra-la-mineria","status":"publish","type":"post","link":"https:\/\/zonaroja.com.mx\/?p=30185","title":{"rendered":"Comunidades de Valles Centrales obtienen triunfo contra la miner\u00eda"},"content":{"rendered":"\n<p>Evlin Arag\u00f3n\/Zona Roja.<\/p>\n\n\n\n<p>Oaxaca de Ju\u00e1rez, Oax., 26 de julio de 2021.- Integrantes del Frente No a la Miner\u00eda por un Futuro de Todas y Todos, as\u00ed como organizaciones sociales afines a la defensa del territorio, celebraron el triunfo que representa el rechazo al permiso ambiental solicitado por el Proyecto Minero \u201cSan Jos\u00e9 II\u201d, por parte de la Secretar\u00eda del Medio Ambiente y Recursos Naturales (Semarnat).<\/p>\n\n\n\n<p>As\u00ed lo expusieron en conferencia de prensa en la capital, en la que explicaron que la reciente resoluci\u00f3n por parte de la instancia federal, publicada el pasado 22 de julio, evidencia que la empresa Compa\u00f1\u00eda Minera Cuzcatl\u00e1n S. A. de C. V. (filial de Fortuna Silver Mines-FSM) incumpli\u00f3 con lo establecido en el permiso original entregado en 2009, al construir 75 obras irregulares sin autorizaci\u00f3n, en San Jos\u00e9 del Progreso.<\/p>\n\n\n\n<p>De acuerdo con Rub\u00e9n Flores, autoridad municipal de Magdalena Ocotl\u00e1n, las comunidades que integran el frente opositor lograron comprobar las afectaciones, realizar observaciones al permiso ambiental y entregar la determinaci\u00f3n de sus asambleas en sus declaratorias de territorio prohibido para la miner\u00eda a la dependencia encargada de proteger el ambiente en el pa\u00eds<\/p>\n\n\n\n<p>Por el contrario, el documento entregado por la empresa carece de soporte t\u00e9cnico suficiente que brinde certeza y confiabilidad tal y como lo refiere la propia Semarnat que argument\u00f3 que \u201cla promovente no cumple con la informaci\u00f3n m\u00ednima requerida para garantizar el cumplimiento de la normatividad\u201d.&nbsp;<\/p>\n\n\n\n<p>La misma sostiene que \u201cbajo el amparo del principio de precauci\u00f3n, una evaluaci\u00f3n de impacto y riesgo ambiental es una condici\u00f3n necesaria para la implementaci\u00f3n de cualquier proyecto, y en consecuencia, su ausencia constituye en s\u00ed misma una vulneraci\u00f3n a este principio\u201d.<\/p>\n\n\n\n<p>Por lo anterior, resolvi\u00f3 negar el permiso ambiental ya que el car\u00e1cter preventivo de las medidas ambientales fue rebasado y se comprob\u00f3 con ello la vulneraci\u00f3n del derecho a un medio ambiente sano de las comunidades involucradas.<\/p>\n\n\n\n<figure class=\"wp-block-embed-twitter wp-block-embed is-type-rich is-provider-twitter\"><div class=\"wp-block-embed__wrapper\">\n<div class=\"twitter-tweet\"><blockquote class=\"twitter-tweet\" data-lang=\"es\"><p lang=\"es\" dir=\"ltr\">Este lunes en conferencia de prensa en la capital, comunidades de Valles Centrales de <a href=\"https:\/\/twitter.com\/hashtag\/Oaxaca?src=hash&amp;ref_src=twsrc%5Etfw\">#Oaxaca<\/a> dieron a conocer que el Frente No a la Miner\u00eda logr\u00f3 la negaci\u00f3n de permiso ambiental al proyecto \u201cSan Jos\u00e9 II\u201d, de Minera Cuzcatl\u00e1n. <a href=\"https:\/\/twitter.com\/laminuta?ref_src=twsrc%5Etfw\">@laminuta<\/a> <a href=\"https:\/\/t.co\/YEYghrr64e\">pic.twitter.com\/YEYghrr64e<\/a><\/p>&mdash; Zona Roja Oaxaca (@Zona_Roja_Oax) <a href=\"https:\/\/twitter.com\/Zona_Roja_Oax\/status\/1419810072042037252?ref_src=twsrc%5Etfw\">27 de julio de 2021<\/a><\/blockquote><\/div>\n<\/div><\/figure>\n\n\n\n<p>\u201cReconocemos e instamos a la Semarnat a seguir trabajando para que ning\u00fan inter\u00e9s econ\u00f3mico se encuentre por encima de los derechos humanos de las comunidades ind\u00edgenas y no ind\u00edgenas afectadas por proyectos extractivos en Oaxaca y todo el pa\u00eds\u201d, indic\u00f3 en representaci\u00f3n de sus compa\u00f1eros.&nbsp;<\/p>\n\n\n\n<p>En este mismo sentido, ratific\u00f3 la exigencia del Frente de cancelar inmediatamente el proyecto minero \u201cSan Jos\u00e9\u201d por incurrir en una serie de omisiones legales en materia ambiental y por generar una afectaci\u00f3n grave al medio ambiente en los Valles Centrales.&nbsp;<\/p>\n\n\n\n<p>\u201cExigimos al Estado mexicano se respete nuestro derecho de libre determinaci\u00f3n sobre nuestras tierras, bienes naturales, comunes y territorios; as\u00ed mismo rechazamos que las instituciones gubernamentales como la Direcci\u00f3n General de Impacto y Riesgo Ambiental, utilicen otros criterios para identificarnos\u201d.<\/p>\n\n\n\n<p>Finalmente, responsabiliz\u00f3 a la empresa minera por cualquier represalia, agresiones o amenazas que existan contra las comunidades y sus integrantes en los Valles Centrales de Oaxaca.<\/p>\n\n\n\n<p>Las comunidades participantes en la conferencia fueron: Magdalena Ocotl\u00e1n, San Mat\u00edas Chilazoa, Monte del Toro, San Mart\u00edn de los Canseco, Los Ocotes, El Vergel, Santa Catarina Minas, San Nicolas Yaxe, San Dionisio Ocotepec, La Noria de Ortiz.&nbsp;<\/p>\n\n\n\n<p>As\u00ed mismo, integrantes de la Coordinadora de Pueblos Unidos del Valle de Ocotl\u00e1n y del Colectivo Oaxaque\u00f1o en Defensa de los Territorios: Servicios para una Educaci\u00f3n Alternativa A.C., Servicios del Pueblo Mixe Ser A.C., Uni\u00f3n de Organizaciones de la Sierra Ju\u00e1rez de Oaxaca UNOSJO S.C.<\/p>\n","protected":false},"excerpt":{"rendered":"<p>Evlin Arag\u00f3n\/Zona Roja. Oaxaca de Ju\u00e1rez, Oax., 26 de julio de 2021.- Integrantes del Frente&hellip;<\/p>\n","protected":false},"author":2,"featured_media":30186,"comment_status":"closed","ping_status":"open","sticky":false,"template":"","format":"standard","meta":{"_lmt_disableupdate":"","_lmt_disable":"","_jetpack_memberships_contains_paid_content":false,"footnotes":""},"categories":[109,46],"tags":[2326],"class_list":["post-30185","post","type-post","status-publish","format-standard","has-post-thumbnail","hentry","category-minuto-a-minuto","category-zona-blanca","tag-compania-minera-cuzcatlan"],"jetpack_featured_media_url":"https:\/\/zonaroja.com.mx\/wp-content\/uploads\/2021\/07\/Conferencia-de-prensa-no-a-la-mineria.jpg","jetpack_sharing_enabled":true,"_links":{"self":[{"href":"https:\/\/zonaroja.com.mx\/index.php?rest_route=\/wp\/v2\/posts\/30185","targetHints":{"allow":["GET"]}}],"collection":[{"href":"https:\/\/zonaroja.com.mx\/index.php?rest_route=\/wp\/v2\/posts"}],"about":[{"href":"https:\/\/zonaroja.com.mx\/index.php?rest_route=\/wp\/v2\/types\/post"}],"author":[{"embeddable":true,"href":"https:\/\/zonaroja.com.mx\/index.php?rest_route=\/wp\/v2\/users\/2"}],"replies":[{"embeddable":true,"href":"https:\/\/zonaroja.com.mx\/index.php?rest_route=%2Fwp%2Fv2%2Fcomments&post=30185"}],"version-history":[{"count":1,"href":"https:\/\/zonaroja.com.mx\/index.php?rest_route=\/wp\/v2\/posts\/30185\/revisions"}],"predecessor-version":[{"id":30187,"href":"https:\/\/zonaroja.com.mx\/index.php?rest_route=\/wp\/v2\/posts\/30185\/revisions\/30187"}],"wp:featuredmedia":[{"embeddable":true,"href":"https:\/\/zonaroja.com.mx\/index.php?rest_route=\/wp\/v2\/media\/30186"}],"wp:attachment":[{"href":"https:\/\/zonaroja.com.mx\/index.php?rest_route=%2Fwp%2Fv2%2Fmedia&parent=30185"}],"wp:term":[{"taxonomy":"category","embeddable":true,"href":"https:\/\/zonaroja.com.mx\/index.php?rest_route=%2Fwp%2Fv2%2Fcategories&post=30185"},{"taxonomy":"post_tag","embeddable":true,"href":"https:\/\/zonaroja.com.mx\/index.php?rest_route=%2Fwp%2Fv2%2Ftags&post=30185"}],"curies":[{"name":"wp","href":"https:\/\/api.w.org\/{rel}","templated":true}]}}