{"id":30191,"date":"2021-07-26T21:45:48","date_gmt":"2021-07-27T02:45:48","guid":{"rendered":"http:\/\/www.zonaroja.com.mx\/?p=30191"},"modified":"2021-07-26T21:50:04","modified_gmt":"2021-07-27T02:50:04","slug":"se-multiplican-protestas-en-servicios-de-salud-titular-ausente","status":"publish","type":"post","link":"https:\/\/zonaroja.com.mx\/?p=30191","title":{"rendered":"Se multiplican protestas en Servicios de Salud; titular, ausente"},"content":{"rendered":"\n<p>Evlin Arag\u00f3n\/Zona Roja.<\/p>\n\n\n\n<p>Oaxaca de Ju\u00e1rez, Oax., 26 de julio de 2021.- Personal del Programa de Vectores adscrito a los Servicios de Salud de Oaxaca (SSO), se sum\u00f3 este lunes a la cadena de protestas y se apoder\u00f3 de al menos dos oficinas administrativas de la dependencia en la capital, para exigir la reparaci\u00f3n de todo el parque vehicular asignado al \u00e1rea, con el fin de que puedan llevar a cabo sus labores diarias.&nbsp;<\/p>\n\n\n\n<p>Como parte de su exigencia, tambi\u00e9n manifestaron su respaldo a la base trabajadora de la Jurisdicci\u00f3n Sanitaria 6, perteneciente a la regi\u00f3n de la Sierra, una de zonas m\u00e1s relegadas de la entidad oaxaque\u00f1a en cuanto a la cobertura de salud, que han denunciado la falta de equipo de protecci\u00f3n y el retraso para las validaciones por la reingenier\u00eda de los recursos humanos.&nbsp;<\/p>\n\n\n\n<p>Desde hace semanas, las protestas por parte del personal de la dependencia han dejado ver la grave crisis que se vive al interior, prueba de ello el cierre de la Jurisdicci\u00f3n Sanitaria 01 de Valles Centrales, en exigencia de la entrega de insumos b\u00e1sico, material de trabajo, pago de vi\u00e1ticos y combustible.&nbsp;<\/p>\n\n\n\n<p>De manera reiterada han expuesto la imperante necesidad de contar con herramientas de trabajo para un mejor desempe\u00f1o, as\u00ed como un espacio de trabajo digno, ya que el actual es muy peque\u00f1o e implica un riesgo ante la tercera ola de contagios por Covid-19.<\/p>\n\n\n\n<p>La pandemia por Covid-19 que a\u00fan se encuentra activa y en su tercera ola de contagios en la entidad oaxaque\u00f1a, sumada a un conflicto interno entre personal sindicalizado, ha puesto en jaque la atenci\u00f3n m\u00e9dica en el Hospital Regional de San Pedro Pochutla.\u00a0\u00a0<\/p>\n\n\n\n<figure class=\"wp-block-embed-twitter wp-block-embed is-type-rich is-provider-twitter\"><div class=\"wp-block-embed__wrapper\">\n<div class=\"twitter-tweet\"><blockquote class=\"twitter-tweet\" data-lang=\"es\"><p lang=\"es\" dir=\"ltr\"><a href=\"https:\/\/twitter.com\/hashtag\/%C3%9AltimoMinuto?src=hash&amp;ref_src=twsrc%5Etfw\">#\u00daltimoMinuto<\/a> <br>Se intensifican protestas en <a href=\"https:\/\/twitter.com\/SSO_GobOax?ref_src=twsrc%5Etfw\">@SSO_GobOax<\/a> ante la ausencia del titular <a href=\"https:\/\/twitter.com\/JC_MarquezH?ref_src=twsrc%5Etfw\">@JC_MarquezH<\/a>.<br>Hoy trabajadores del \u00e1rea de Vectores \u201ctoman\u201d dos edificios en la colonia Reforma de la capital.<br>Siguen paros en jurisdicciones Sierra y Valles as\u00ed como hospitales en Costa e Istmo. <a href=\"https:\/\/t.co\/gx6MNgHkc9\">pic.twitter.com\/gx6MNgHkc9<\/a><\/p>&mdash; Zona Roja Oaxaca (@Zona_Roja_Oax) <a href=\"https:\/\/twitter.com\/Zona_Roja_Oax\/status\/1419776804504674313?ref_src=twsrc%5Etfw\">26 de julio de 2021<\/a><\/blockquote><\/div>\n<\/div><\/figure>\n\n\n\n<p>Aunque la directiva del nosocomio rechaza cualquier tipo de conflicto al interior, y mucho menos las complicaciones en la atenci\u00f3n m\u00e9dica, algunos testimonios dan cuenta de lo contrario.&nbsp;&nbsp;<\/p>\n\n\n\n<p>A dichas protestas por parte del personal se suma el cierre de inmuebles que albergan a los Servicios de Salud, ya que desde el pasado 12 de julio sus arrendatarios impidieron el acceso a las oficinas debido a la falta de pago por parte de la dependencia.&nbsp;&nbsp;<\/p>\n\n\n\n<p>De acuerdo con lo expuesto por Julio C\u00e9sar Espinoza Adame, uno de los trece arrendatarios afectados, no han recibido el pago de la renta durante todo el a\u00f1o -de enero a la fecha- acumul\u00e1ndose un monto aproximado superior a los diez millones de pesos.\u00a0\u00a0 <\/p>\n\n\n\n<p>En Ciudad Ixtepec tambi\u00e9n permanece cerrado el hospital desde hace unas tres semanas, pese a la ola de Covid-19 que azuela la entidad, con mayor intensidad en la regi\u00f3n del Istmo de Tehuantepec.<\/p>\n\n\n\n<p>En todos los casos, en ning\u00fan momento el titular de la dependencia, Juan Carlos M\u00e1rquez Heine, ha emitido una postura al respecto.<\/p>\n","protected":false},"excerpt":{"rendered":"<p>Evlin Arag\u00f3n\/Zona Roja. Oaxaca de Ju\u00e1rez, Oax., 26 de julio de 2021.- Personal del Programa&hellip;<\/p>\n","protected":false},"author":2,"featured_media":30193,"comment_status":"closed","ping_status":"open","sticky":false,"template":"","format":"standard","meta":{"_lmt_disableupdate":"","_lmt_disable":"","_jetpack_memberships_contains_paid_content":false,"footnotes":""},"categories":[109,47],"tags":[1005],"class_list":["post-30191","post","type-post","status-publish","format-standard","has-post-thumbnail","hentry","category-minuto-a-minuto","category-zona-gris","tag-servicios-de-salud-de-oaxaca-sso"],"jetpack_featured_media_url":"https:\/\/zonaroja.com.mx\/wp-content\/uploads\/2021\/07\/Paro-labores-Vectores-Salud.jpg","jetpack_sharing_enabled":true,"_links":{"self":[{"href":"https:\/\/zonaroja.com.mx\/index.php?rest_route=\/wp\/v2\/posts\/30191","targetHints":{"allow":["GET"]}}],"collection":[{"href":"https:\/\/zonaroja.com.mx\/index.php?rest_route=\/wp\/v2\/posts"}],"about":[{"href":"https:\/\/zonaroja.com.mx\/index.php?rest_route=\/wp\/v2\/types\/post"}],"author":[{"embeddable":true,"href":"https:\/\/zonaroja.com.mx\/index.php?rest_route=\/wp\/v2\/users\/2"}],"replies":[{"embeddable":true,"href":"https:\/\/zonaroja.com.mx\/index.php?rest_route=%2Fwp%2Fv2%2Fcomments&post=30191"}],"version-history":[{"count":2,"href":"https:\/\/zonaroja.com.mx\/index.php?rest_route=\/wp\/v2\/posts\/30191\/revisions"}],"predecessor-version":[{"id":30194,"href":"https:\/\/zonaroja.com.mx\/index.php?rest_route=\/wp\/v2\/posts\/30191\/revisions\/30194"}],"wp:featuredmedia":[{"embeddable":true,"href":"https:\/\/zonaroja.com.mx\/index.php?rest_route=\/wp\/v2\/media\/30193"}],"wp:attachment":[{"href":"https:\/\/zonaroja.com.mx\/index.php?rest_route=%2Fwp%2Fv2%2Fmedia&parent=30191"}],"wp:term":[{"taxonomy":"category","embeddable":true,"href":"https:\/\/zonaroja.com.mx\/index.php?rest_route=%2Fwp%2Fv2%2Fcategories&post=30191"},{"taxonomy":"post_tag","embeddable":true,"href":"https:\/\/zonaroja.com.mx\/index.php?rest_route=%2Fwp%2Fv2%2Ftags&post=30191"}],"curies":[{"name":"wp","href":"https:\/\/api.w.org\/{rel}","templated":true}]}}