{"id":30195,"date":"2021-07-26T22:09:05","date_gmt":"2021-07-27T03:09:05","guid":{"rendered":"http:\/\/www.zonaroja.com.mx\/?p=30195"},"modified":"2021-07-26T22:09:11","modified_gmt":"2021-07-27T03:09:11","slug":"inicia-oaxaca-en-semaforo-naranja-con-100-casos-positivos-a-covid","status":"publish","type":"post","link":"https:\/\/zonaroja.com.mx\/?p=30195","title":{"rendered":"Inicia Oaxaca en sem\u00e1foro naranja con 100 casos positivos a Covid"},"content":{"rendered":"\n<p>Redacci\u00f3n\/Zona Roja.<\/p>\n\n\n\n<p>Oaxaca de Ju\u00e1rez, Oax. 26 de julio de 2021.- La dependencia Servicios de Salud de Oaxaca inform\u00f3 que este lunes &#8211;primer d\u00eda en sem\u00e1foro epidemiol\u00f3gico naranja&#8211; se han registrado 100 casos nuevos de Covid-19 y tres decesos, sumando 53 mil 080 casos confirmados y cuatro mil 095 defunciones.<\/p>\n\n\n\n<p>En un comunicado, indic\u00f3 que por Jurisdicci\u00f3n Sanitaria, Valles Centrales registra 34 mil 237 casos confirmados y mil 936 defunciones; Istmo seis mil 084 casos confirmados y 833 decesos; Tuxtepec tres mil 266 casos confirmados y 360 muertes; Costa tres mil 360 y 326 fallecimientos; Mixteca cuatro mil 302 casos confirmados y 412 p\u00e9rdidas fatales; Sierra mil 831 casos confirmados y 228 defunciones.<\/p>\n\n\n\n<p>Los 100 casos nuevos afectan a 33 municipios, siendo el de Oaxaca de Ju\u00e1rez el primer lugar con 20 positivos, seguido de San Juan Bautista Tuxtepec y Santa Mar\u00eda Huatulco con 12 cada uno, Salina Cruz 11, Heroica Ciudad de Huajuapan de Le\u00f3n cinco, Santa Catarina Juquila y Santa Mar\u00eda Atzompa cuatro cada uno, Heroica Ciudad de Tlaxiaco tres; el resto dos y un solo caso.<\/p>\n\n\n\n<p>Adem\u00e1s al corte de hoy, la entidad registra un total de mil 579 casos activos de Covid-19 contabilizados, el grupo de edad de 18 a 40 a\u00f1os representa el 63% con esta patolog\u00eda viral.<\/p>\n\n\n\n<figure class=\"wp-block-embed-twitter wp-block-embed is-type-rich is-provider-twitter\"><div class=\"wp-block-embed__wrapper\">\n<div class=\"twitter-tweet\"><blockquote class=\"twitter-tweet\" data-lang=\"es\"><p lang=\"es\" dir=\"ltr\"><a href=\"https:\/\/twitter.com\/hashtag\/%C3%9AltimoMinuto?src=hash&amp;ref_src=twsrc%5Etfw\">#\u00daltimoMinuto<\/a><br>Este lunes, los <a href=\"https:\/\/twitter.com\/SSO_GobOax?ref_src=twsrc%5Etfw\">@SSO_GobOax<\/a> reportaron en <a href=\"https:\/\/twitter.com\/hashtag\/Oaxaca?src=hash&amp;ref_src=twsrc%5Etfw\">#Oaxaca<\/a> 100 casos positivos a Covid, con lo que se alcanza un acumulado de 53 mil 80 casos confirmados.<br>Tambi\u00e9n, 3 fallecimientos, para un total de 4 mil 95 decesos.<br>Hay 14 hospitales llenos de contagiados.<a href=\"https:\/\/twitter.com\/hashtag\/Qu%C3%A9dateEnCasa?src=hash&amp;ref_src=twsrc%5Etfw\">#Qu\u00e9dateEnCasa<\/a> <a href=\"https:\/\/t.co\/LZQjG1XMOl\">pic.twitter.com\/LZQjG1XMOl<\/a><\/p>&mdash; Zona Roja Oaxaca (@Zona_Roja_Oax) <a href=\"https:\/\/twitter.com\/Zona_Roja_Oax\/status\/1419830694470057987?ref_src=twsrc%5Etfw\">27 de julio de 2021<\/a><\/blockquote><\/div>\n<\/div><\/figure>\n\n\n\n<p>ENFERMOS TRAS VACUNA<\/p>\n\n\n\n<p>La instituci\u00f3n detalla que en relaci\u00f3n a Eventos Supuestamente Atribuibles a la Vacunaci\u00f3n e Inmunizaci\u00f3n (ESAVI) por la vacuna Pfizer-BioNTech, se han notificado en total 680 casos, 12 graves y 668 no graves, los s\u00edntomas m\u00e1s frecuentes fueron: cefalea, dolor o sensibilidad local, astenia y mialgias.<\/p>\n\n\n\n<p>En relaci\u00f3n a la vacuna de AstraZeneca, se notificaron 155 casos de los cuales uno fue grave, y 154 no graves, que presentaron principalmente cefalea, mialgias, fiebre y escalofr\u00edos. De la vacuna SINOVAC, se notificaron 29 casos, de los cuales tres fueron graves y 26 no graves, presentaron dolor o sensibilidad local, mareos, astenia y adinamia.&nbsp;&nbsp;&nbsp;<\/p>\n\n\n\n<p>De la vacuna Cansino Biologics, se han notificado 57 casos, todos en primera dosis, cinco graves y 52 no graves, los s\u00edntomas que presentaron son: astenia, adinamia, n\u00e1useas y mareos.<\/p>\n\n\n\n<p>En relaci\u00f3n a la ocupaci\u00f3n hospitalaria este d\u00eda se registr\u00f3 un 50.7% global, 14 hospitales est\u00e1n al 100%de ocupaci\u00f3n; hay 22 nuevos hospitalizados, 218 camas est\u00e1n ocupadas de un total de 430 y disponibles 212.<\/p>\n\n\n\n<p>Ante este panorama, los SSO alertaron a la poblaci\u00f3n que de seguir con este ritmo de crecimiento en casos positivos, principalmente en Valles Centrales, Istmo de Tehuantepec y Costa, aumentar\u00e1 la saturaci\u00f3n de hospitales.<\/p>\n\n\n\n<p>De igual forma, se reitera el llamado a la poblaci\u00f3n a vacunarse cuando llegue su turno, pues la vacunaci\u00f3n contribuye a evitar que las personas lleguen a una situaci\u00f3n de gravedad.<\/p>\n","protected":false},"excerpt":{"rendered":"<p>Redacci\u00f3n\/Zona Roja. Oaxaca de Ju\u00e1rez, Oax. 26 de julio de 2021.- La dependencia Servicios de&hellip;<\/p>\n","protected":false},"author":2,"featured_media":30196,"comment_status":"closed","ping_status":"open","sticky":false,"template":"","format":"standard","meta":{"_lmt_disableupdate":"","_lmt_disable":"","_jetpack_memberships_contains_paid_content":false,"footnotes":""},"categories":[109,47],"tags":[1512],"class_list":["post-30195","post","type-post","status-publish","format-standard","has-post-thumbnail","hentry","category-minuto-a-minuto","category-zona-gris","tag-coronavirus-oaxaca"],"jetpack_featured_media_url":"https:\/\/zonaroja.com.mx\/wp-content\/uploads\/2021\/07\/SSO-2-2.jpeg","jetpack_sharing_enabled":true,"_links":{"self":[{"href":"https:\/\/zonaroja.com.mx\/index.php?rest_route=\/wp\/v2\/posts\/30195","targetHints":{"allow":["GET"]}}],"collection":[{"href":"https:\/\/zonaroja.com.mx\/index.php?rest_route=\/wp\/v2\/posts"}],"about":[{"href":"https:\/\/zonaroja.com.mx\/index.php?rest_route=\/wp\/v2\/types\/post"}],"author":[{"embeddable":true,"href":"https:\/\/zonaroja.com.mx\/index.php?rest_route=\/wp\/v2\/users\/2"}],"replies":[{"embeddable":true,"href":"https:\/\/zonaroja.com.mx\/index.php?rest_route=%2Fwp%2Fv2%2Fcomments&post=30195"}],"version-history":[{"count":1,"href":"https:\/\/zonaroja.com.mx\/index.php?rest_route=\/wp\/v2\/posts\/30195\/revisions"}],"predecessor-version":[{"id":30197,"href":"https:\/\/zonaroja.com.mx\/index.php?rest_route=\/wp\/v2\/posts\/30195\/revisions\/30197"}],"wp:featuredmedia":[{"embeddable":true,"href":"https:\/\/zonaroja.com.mx\/index.php?rest_route=\/wp\/v2\/media\/30196"}],"wp:attachment":[{"href":"https:\/\/zonaroja.com.mx\/index.php?rest_route=%2Fwp%2Fv2%2Fmedia&parent=30195"}],"wp:term":[{"taxonomy":"category","embeddable":true,"href":"https:\/\/zonaroja.com.mx\/index.php?rest_route=%2Fwp%2Fv2%2Fcategories&post=30195"},{"taxonomy":"post_tag","embeddable":true,"href":"https:\/\/zonaroja.com.mx\/index.php?rest_route=%2Fwp%2Fv2%2Ftags&post=30195"}],"curies":[{"name":"wp","href":"https:\/\/api.w.org\/{rel}","templated":true}]}}