{"id":3020,"date":"2019-08-11T22:03:52","date_gmt":"2019-08-12T03:03:52","guid":{"rendered":"http:\/\/www.zonaroja.com.mx\/?p=3020"},"modified":"2019-08-11T22:03:54","modified_gmt":"2019-08-12T03:03:54","slug":"enesimo-asalto-a-negocio-en-la-entidad-oaxaquena","status":"publish","type":"post","link":"https:\/\/zonaroja.com.mx\/?p=3020","title":{"rendered":"En\u00e9simo asalto a negocio en la entidad oaxaque\u00f1a"},"content":{"rendered":"\n<p>Redacci\u00f3n\/Zona\nRoja.<\/p>\n\n\n\n<p>Oaxaca de\nJu\u00e1rez, Oax., 11 de agosto de 2019.- A tres d\u00edas de los anunciados operativos\nde seguridad, con filtros de revisi\u00f3n, en Oaxaca se cometi\u00f3 un en\u00e9simo asalto a\nuna negociaci\u00f3n.<\/p>\n\n\n\n<p>Se trata de \u201cEmpe\u00f1os\nMexicanos\u201d, ubicada en la avenida Universidad, casi esquina con avenida\nS\u00edmbolos Patrios, en la colindancia de la capital del estado con el municipio\nde Santa Cruz Xoxocotl\u00e1n.<\/p>\n\n\n\n<p>Al menos dos\nindividuos, cuyas im\u00e1genes fueron captadas por c\u00e1maras de seguridad, ingresaron\nprovistos de armas de fuego; mientras uno amagaba al cajero para pedir todo el\ndinero, otro recog\u00eda diversos art\u00edculos de los anaqueles.<\/p>\n\n\n\n<p>Tras ello,\nse dieron a la fuga a bordo de una motocicleta. Presuntamente elementos\npoliciacos efectuaron detenciones relacionadas con ese caso, pero hasta esta\nnoche no hab\u00eda informaci\u00f3n oficial.<\/p>\n","protected":false},"excerpt":{"rendered":"<p>Redacci\u00f3n\/Zona Roja. Oaxaca de Ju\u00e1rez, Oax., 11 de agosto de 2019.- A tres d\u00edas de&hellip;<\/p>\n","protected":false},"author":2,"featured_media":3021,"comment_status":"closed","ping_status":"open","sticky":false,"template":"","format":"standard","meta":{"_lmt_disableupdate":"","_lmt_disable":"","_jetpack_memberships_contains_paid_content":false,"footnotes":""},"categories":[109,51],"tags":[378],"class_list":["post-3020","post","type-post","status-publish","format-standard","has-post-thumbnail","hentry","category-minuto-a-minuto","category-zona-roja","tag-asalto-empenos-mexicanos-santa-cruz-xoxocotlan"],"jetpack_featured_media_url":"https:\/\/zonaroja.com.mx\/wp-content\/uploads\/2019\/08\/PHOTO-2019-08-11-21-49-19.jpg","jetpack_sharing_enabled":true,"_links":{"self":[{"href":"https:\/\/zonaroja.com.mx\/index.php?rest_route=\/wp\/v2\/posts\/3020","targetHints":{"allow":["GET"]}}],"collection":[{"href":"https:\/\/zonaroja.com.mx\/index.php?rest_route=\/wp\/v2\/posts"}],"about":[{"href":"https:\/\/zonaroja.com.mx\/index.php?rest_route=\/wp\/v2\/types\/post"}],"author":[{"embeddable":true,"href":"https:\/\/zonaroja.com.mx\/index.php?rest_route=\/wp\/v2\/users\/2"}],"replies":[{"embeddable":true,"href":"https:\/\/zonaroja.com.mx\/index.php?rest_route=%2Fwp%2Fv2%2Fcomments&post=3020"}],"version-history":[{"count":1,"href":"https:\/\/zonaroja.com.mx\/index.php?rest_route=\/wp\/v2\/posts\/3020\/revisions"}],"predecessor-version":[{"id":3022,"href":"https:\/\/zonaroja.com.mx\/index.php?rest_route=\/wp\/v2\/posts\/3020\/revisions\/3022"}],"wp:featuredmedia":[{"embeddable":true,"href":"https:\/\/zonaroja.com.mx\/index.php?rest_route=\/wp\/v2\/media\/3021"}],"wp:attachment":[{"href":"https:\/\/zonaroja.com.mx\/index.php?rest_route=%2Fwp%2Fv2%2Fmedia&parent=3020"}],"wp:term":[{"taxonomy":"category","embeddable":true,"href":"https:\/\/zonaroja.com.mx\/index.php?rest_route=%2Fwp%2Fv2%2Fcategories&post=3020"},{"taxonomy":"post_tag","embeddable":true,"href":"https:\/\/zonaroja.com.mx\/index.php?rest_route=%2Fwp%2Fv2%2Ftags&post=3020"}],"curies":[{"name":"wp","href":"https:\/\/api.w.org\/{rel}","templated":true}]}}