{"id":30201,"date":"2021-07-27T07:49:16","date_gmt":"2021-07-27T12:49:16","guid":{"rendered":"http:\/\/www.zonaroja.com.mx\/?p=30201"},"modified":"2021-07-27T07:49:19","modified_gmt":"2021-07-27T12:49:19","slug":"no-cesan-ejecuciones-hoy-uno-en-cuilapam-y-ayer-dos-en-soyaltepec","status":"publish","type":"post","link":"https:\/\/zonaroja.com.mx\/?p=30201","title":{"rendered":"No cesan ejecuciones: hoy uno en Cuil\u00e1pam y ayer dos en Soyaltepec"},"content":{"rendered":"\n<p>Redacci\u00f3n\/Zona Roja.<\/p>\n\n\n\n<p>Oaxaca de Ju\u00e1rez, Oax., 27 de julio de 2021.- El cuerpo de una persona ejecutada, presuntamente con huellas de tortura y disparos de arma de fuego, fue localizado la ma\u00f1ana de hoy en jurisdicci\u00f3n de Cuil\u00e1pam de Guerrero, en la regi\u00f3n Valles Centrales de Oaxaca.<\/p>\n\n\n\n<p>La v\u00edctima, a\u00fan no identificada, fue hallada esta ma\u00f1ana en un camino local de terracer\u00eda y entre terrenos de cultivo, en el paraje \u201cMonjas\u201d; el \u00e1rea fue acordonada por polic\u00edas municipales.<\/p>\n\n\n\n<p>Mientras tanto ayer en San Miguel Soyaltepec, municipio de la regi\u00f3n de la Cuenca, fueron ejecutados dos presuntos narcomenudistas.<\/p>\n\n\n\n<p>El doble homicidio se perpetr\u00f3 en el interior de un domicilio de la comunidad de Nuevo Pescadito de en Medio y las v\u00edctimas fueron identificadas de manera preliminar como Maximino Florencio C., de 44 a\u00f1os de edad, y Jorge Tom\u00e1s M., de 51 a\u00f1os de edad.<\/p>\n\n\n\n<p>Hasta el momento no hay indicios de la ubicaci\u00f3n del o de los probables autores del doble crimen.<\/p>\n","protected":false},"excerpt":{"rendered":"<p>Redacci\u00f3n\/Zona Roja. Oaxaca de Ju\u00e1rez, Oax., 27 de julio de 2021.- El cuerpo de una&hellip;<\/p>\n","protected":false},"author":2,"featured_media":30202,"comment_status":"closed","ping_status":"open","sticky":false,"template":"","format":"standard","meta":{"_lmt_disableupdate":"","_lmt_disable":"","_jetpack_memberships_contains_paid_content":false,"footnotes":""},"categories":[109,51],"tags":[1306],"class_list":["post-30201","post","type-post","status-publish","format-standard","has-post-thumbnail","hentry","category-minuto-a-minuto","category-zona-roja","tag-temascal-san-miguel-soyaltepec"],"jetpack_featured_media_url":"https:\/\/zonaroja.com.mx\/wp-content\/uploads\/2021\/07\/Ejecutado-Cuilapam.jpg","jetpack_sharing_enabled":true,"_links":{"self":[{"href":"https:\/\/zonaroja.com.mx\/index.php?rest_route=\/wp\/v2\/posts\/30201","targetHints":{"allow":["GET"]}}],"collection":[{"href":"https:\/\/zonaroja.com.mx\/index.php?rest_route=\/wp\/v2\/posts"}],"about":[{"href":"https:\/\/zonaroja.com.mx\/index.php?rest_route=\/wp\/v2\/types\/post"}],"author":[{"embeddable":true,"href":"https:\/\/zonaroja.com.mx\/index.php?rest_route=\/wp\/v2\/users\/2"}],"replies":[{"embeddable":true,"href":"https:\/\/zonaroja.com.mx\/index.php?rest_route=%2Fwp%2Fv2%2Fcomments&post=30201"}],"version-history":[{"count":1,"href":"https:\/\/zonaroja.com.mx\/index.php?rest_route=\/wp\/v2\/posts\/30201\/revisions"}],"predecessor-version":[{"id":30203,"href":"https:\/\/zonaroja.com.mx\/index.php?rest_route=\/wp\/v2\/posts\/30201\/revisions\/30203"}],"wp:featuredmedia":[{"embeddable":true,"href":"https:\/\/zonaroja.com.mx\/index.php?rest_route=\/wp\/v2\/media\/30202"}],"wp:attachment":[{"href":"https:\/\/zonaroja.com.mx\/index.php?rest_route=%2Fwp%2Fv2%2Fmedia&parent=30201"}],"wp:term":[{"taxonomy":"category","embeddable":true,"href":"https:\/\/zonaroja.com.mx\/index.php?rest_route=%2Fwp%2Fv2%2Fcategories&post=30201"},{"taxonomy":"post_tag","embeddable":true,"href":"https:\/\/zonaroja.com.mx\/index.php?rest_route=%2Fwp%2Fv2%2Ftags&post=30201"}],"curies":[{"name":"wp","href":"https:\/\/api.w.org\/{rel}","templated":true}]}}