{"id":30213,"date":"2021-07-27T08:14:24","date_gmt":"2021-07-27T13:14:24","guid":{"rendered":"http:\/\/www.zonaroja.com.mx\/?p=30213"},"modified":"2021-07-27T08:14:26","modified_gmt":"2021-07-27T13:14:26","slug":"divididos-y-sin-retorno-aun-desplazados-de-tierra-blanca","status":"publish","type":"post","link":"https:\/\/zonaroja.com.mx\/?p=30213","title":{"rendered":"Divididos y sin retorno a\u00fan, desplazados de Tierra Blanca"},"content":{"rendered":"\n<p>Redacci\u00f3n\/Zona Roja.<\/p>\n\n\n\n<p>Oaxaca de Ju\u00e1rez, Oax., 27 de julio de 2021.- Sin llegar a\u00fan al lugar donde fueron desplazados desde diciembre de 2020, los ind\u00edgenas triquis del Movimiento de Unificaci\u00f3n y Lucha Triqui Independiente (MULTI) ya se encuentran divididos.<\/p>\n\n\n\n<p>El domingo por la noche, un grupo de ellos, en \u201cplant\u00f3n\u201d en la Ciudad de M\u00e9xico, recrimin\u00f3 a su dirigencia no haber sido informados de los acuerdos con el Gobierno de Oaxaca y la Secretar\u00eda de Gobernaci\u00f3n para retornar a Tierra Blanca, Copala.<\/p>\n\n\n\n<p>Por ello, aplazaron su salida hasta anoche hacia la regi\u00f3n Mixteca de la entidad, en que abordaron sus unidades de motor.<\/p>\n\n\n\n<p>En tanto, el grupo de desplazados que se encontraba en la ciudad de Oaxaca, finalmente parti\u00f3 ayer por la ma\u00f1ana hacia la zona Triqui, cuando el compromiso hab\u00eda sido salir el domingo.<\/p>\n\n\n\n<p>Con reticencias, y ya sin el apoyo de los l\u00edderes Reyna Mart\u00ednez Flores y Marcos Albino Ortiz, iniciaron su retorno ayer,&nbsp; a bordo de autobuses y custodiados por la Polic\u00eda Estatal y la Guardia Nacional, pero llegaron a Yosoyuxi Copala, Santiago Juxtlahuaca, y no Tierra Blanca.<\/p>\n\n\n\n<p>Ah\u00ed se encuentran albergados de manera temporal, donde fueron trasladados una semana despu\u00e9s de los hechos violentos y de donde salieron hacia la capital.<\/p>\n\n\n\n<p>De acuerdo con Gobernaci\u00f3n y el gobierno estatal, son 137 familias las desplazadas y la fase de retorno a Tierra Blanca Copala se efect\u00faa en tres fases, sin precisar la fecha en que finalmente retornar\u00e1n a su localidad de origen.<\/p>\n","protected":false},"excerpt":{"rendered":"<p>Redacci\u00f3n\/Zona Roja. Oaxaca de Ju\u00e1rez, Oax., 27 de julio de 2021.- Sin llegar a\u00fan al&hellip;<\/p>\n","protected":false},"author":2,"featured_media":30214,"comment_status":"closed","ping_status":"open","sticky":false,"template":"","format":"standard","meta":{"_lmt_disableupdate":"","_lmt_disable":"","_jetpack_memberships_contains_paid_content":false,"footnotes":""},"categories":[109,47],"tags":[1712],"class_list":["post-30213","post","type-post","status-publish","format-standard","has-post-thumbnail","hentry","category-minuto-a-minuto","category-zona-gris","tag-tierra-blanca-copala"],"jetpack_featured_media_url":"https:\/\/zonaroja.com.mx\/wp-content\/uploads\/2021\/07\/Retorno-triquis-Copala.jpg","jetpack_sharing_enabled":true,"_links":{"self":[{"href":"https:\/\/zonaroja.com.mx\/index.php?rest_route=\/wp\/v2\/posts\/30213","targetHints":{"allow":["GET"]}}],"collection":[{"href":"https:\/\/zonaroja.com.mx\/index.php?rest_route=\/wp\/v2\/posts"}],"about":[{"href":"https:\/\/zonaroja.com.mx\/index.php?rest_route=\/wp\/v2\/types\/post"}],"author":[{"embeddable":true,"href":"https:\/\/zonaroja.com.mx\/index.php?rest_route=\/wp\/v2\/users\/2"}],"replies":[{"embeddable":true,"href":"https:\/\/zonaroja.com.mx\/index.php?rest_route=%2Fwp%2Fv2%2Fcomments&post=30213"}],"version-history":[{"count":1,"href":"https:\/\/zonaroja.com.mx\/index.php?rest_route=\/wp\/v2\/posts\/30213\/revisions"}],"predecessor-version":[{"id":30215,"href":"https:\/\/zonaroja.com.mx\/index.php?rest_route=\/wp\/v2\/posts\/30213\/revisions\/30215"}],"wp:featuredmedia":[{"embeddable":true,"href":"https:\/\/zonaroja.com.mx\/index.php?rest_route=\/wp\/v2\/media\/30214"}],"wp:attachment":[{"href":"https:\/\/zonaroja.com.mx\/index.php?rest_route=%2Fwp%2Fv2%2Fmedia&parent=30213"}],"wp:term":[{"taxonomy":"category","embeddable":true,"href":"https:\/\/zonaroja.com.mx\/index.php?rest_route=%2Fwp%2Fv2%2Fcategories&post=30213"},{"taxonomy":"post_tag","embeddable":true,"href":"https:\/\/zonaroja.com.mx\/index.php?rest_route=%2Fwp%2Fv2%2Ftags&post=30213"}],"curies":[{"name":"wp","href":"https:\/\/api.w.org\/{rel}","templated":true}]}}