{"id":30217,"date":"2021-07-27T12:35:24","date_gmt":"2021-07-27T17:35:24","guid":{"rendered":"https:\/\/www.zonaroja.com.mx\/?p=30217"},"modified":"2021-07-27T12:35:26","modified_gmt":"2021-07-27T17:35:26","slug":"paso-de-la-reyna-seis-meses-sin-justicia-denuncian-negligencia-de-la-fiscalia","status":"publish","type":"post","link":"https:\/\/zonaroja.com.mx\/?p=30217","title":{"rendered":"Paso de la Reyna, seis meses sin justicia; denuncian negligencia de la Fiscal\u00eda"},"content":{"rendered":"\n<p class=\"MsoNormal\">Evlin Arag\u00f3n\/Zona Roja.&nbsp;<\/p>\n\n\n\n<p class=\"MsoNormal\">Oaxaca de Ju\u00e1rez, Oax., 27 de julio de 2021.-&nbsp;Han pasado seis meses del asesinato del activista Fidel Heras Cruz, quien se caracteriz\u00f3 por una f\u00e9rrea defensa del r\u00edo \u201cVerde\u201d contra los megaproyectos hidroel\u00e9ctricos en Paso de Reyna, Santiago Jamiltepec, y a\u00fan nada se sabe de los autores materiales e intelectuales de los hechos.&nbsp;&nbsp;<\/p>\n\n\n\n<p class=\"MsoNormal\">De acuerdo con testimonios, el defensor del territorio en Oaxaca dej\u00f3 su trabajo en el campo y se convirti\u00f3 en referente por la&nbsp;defensa de un r\u00edo&nbsp;que pasa por su comunidad y del que una empresa extrae arena y grava sin permisos oficiales, tal y como lo han se\u00f1alado pobladores del lugar.&nbsp;&nbsp;<\/p>\n\n\n\n<p class=\"MsoNormal\">No hay justicia para Fidel por parte de la Fiscal\u00eda General del Estado y tampoco para el defensor chatino de la tierra y l\u00edder del movimiento por la defensa del r\u00edo \u201cVerde\u201d, Jaime Jim\u00e9nez Ruiz, quien fue asesinado, el 28 de marzo, con arma de fuego por sujetos desconocidos en el camino de Santiago Jamiltepec a Paso de la Reyna.  <\/p>\n\n\n\n<p class=\"MsoNormal\">Jaime era opositor a los proyectos hidroel\u00e9ctricos de la Comisi\u00f3n Federal de Electricidad (CFE) en Oaxaca,&nbsp;adem\u00e1s era exagente municipal de la comunidad y fue integrante del Movimiento&nbsp;por la defensa del r\u00edo \u201cVerde\u201d.<\/p>\n\n\n\n<p class=\"MsoNormal\">Por la muerte de ambos activistas, organismos locales y nacionales en defensa de los derechos humanos solicitaron a las&nbsp;autoridades federales y estatales, encabezadas por Andr\u00e9s Manuel L\u00f3pez Obrador y Alejandro Murat Hinojosa, a esclarecer las circunstancias de estos cr\u00edmenes.&nbsp;<\/p>\n\n\n\n<p class=\"MsoNormal\">\u201cPaso de la Reyna se ha convertido en un escenario de terror frente a la mirada c\u00f3mplice de autoridades locales, estatales y federales\u201d, refirieron organizaciones con anterioridad.&nbsp;&nbsp;<\/p>\n\n\n\n<p class=\"MsoNormal\">Sin embargo, hasta la fecha, se desconocen los avances en las investigaciones, no hay detenciones al respecto y mucho menos una atenci\u00f3n a las y los deudos por parte de las autoridades.&nbsp;&nbsp;<\/p>\n\n\n\n<p class=\"MsoNormal\">A diferencia de la desidia a nivel local, el asesinato del activista ha sido condenado por&nbsp;la Oficina en M\u00e9xico del Alto Comisionado de las Naciones Unidas para los Derechos Humanos (ONU-DH); Front Line Defenders, organismo internacional en defensa de los derechos humanos; y el Parlamento Europeo en Espa\u00f1a.&nbsp;<\/p>\n\n\n\n<p class=\"xmsonormal\">Fidel&nbsp;Heras&nbsp;Cruz&nbsp;era presidente del Comisariado Ejidal de Paso de la Reyna, en el municipio de Santiago Jamiltepec, miembro activo del Consejo del Pueblos Unidos por la Defensa del R\u00edo Verde (Copudever) y en los \u00faltimos a\u00f1os hab\u00eda participado activamente en acciones para controlar la extracci\u00f3n masiva de material p\u00e9treo en la zona del afluente.&nbsp;<\/p>\n\n\n\n<p class=\"MsoNormal\">El 23 de enero&nbsp;su cuerpo sin vida y con varios impactos de arma de fuego fue encontrado en el interior de su camioneta, cerca de la comunidad La Esperanza, en el municipio de Santiago Jamiltepec.&nbsp;&nbsp;<\/p>\n\n\n\n<p class=\"MsoNormal\">D\u00edas despu\u00e9s de su asesinato, el 14 y 15 de marzo de 2021, Raymundo Robles Ria\u00f1o, No\u00e9 Robles Cruz y Gerardo Mendoza Reyes, tres integrantes ind\u00edgenas chatinos de la comunidad, tambi\u00e9n fueron acribillados por sujetos desconocidos en el barrio Chico de Paso de la Reyna.  <\/p>\n","protected":false},"excerpt":{"rendered":"<p>Evlin Arag\u00f3n\/Zona Roja.&nbsp; Oaxaca de Ju\u00e1rez, Oax., 27 de julio de 2021.-&nbsp;Han pasado seis meses&hellip;<\/p>\n","protected":false},"author":2,"featured_media":30206,"comment_status":"closed","ping_status":"open","sticky":false,"template":"","format":"standard","meta":{"_lmt_disableupdate":"","_lmt_disable":"","_jetpack_memberships_contains_paid_content":false,"footnotes":""},"categories":[109,47],"tags":[2398],"class_list":["post-30217","post","type-post","status-publish","format-standard","has-post-thumbnail","hentry","category-minuto-a-minuto","category-zona-gris","tag-fidel-heras-cruz"],"jetpack_featured_media_url":"https:\/\/zonaroja.com.mx\/wp-content\/uploads\/2021\/07\/Fidel-Heras-Cruz.jpg","jetpack_sharing_enabled":true,"_links":{"self":[{"href":"https:\/\/zonaroja.com.mx\/index.php?rest_route=\/wp\/v2\/posts\/30217","targetHints":{"allow":["GET"]}}],"collection":[{"href":"https:\/\/zonaroja.com.mx\/index.php?rest_route=\/wp\/v2\/posts"}],"about":[{"href":"https:\/\/zonaroja.com.mx\/index.php?rest_route=\/wp\/v2\/types\/post"}],"author":[{"embeddable":true,"href":"https:\/\/zonaroja.com.mx\/index.php?rest_route=\/wp\/v2\/users\/2"}],"replies":[{"embeddable":true,"href":"https:\/\/zonaroja.com.mx\/index.php?rest_route=%2Fwp%2Fv2%2Fcomments&post=30217"}],"version-history":[{"count":1,"href":"https:\/\/zonaroja.com.mx\/index.php?rest_route=\/wp\/v2\/posts\/30217\/revisions"}],"predecessor-version":[{"id":30218,"href":"https:\/\/zonaroja.com.mx\/index.php?rest_route=\/wp\/v2\/posts\/30217\/revisions\/30218"}],"wp:featuredmedia":[{"embeddable":true,"href":"https:\/\/zonaroja.com.mx\/index.php?rest_route=\/wp\/v2\/media\/30206"}],"wp:attachment":[{"href":"https:\/\/zonaroja.com.mx\/index.php?rest_route=%2Fwp%2Fv2%2Fmedia&parent=30217"}],"wp:term":[{"taxonomy":"category","embeddable":true,"href":"https:\/\/zonaroja.com.mx\/index.php?rest_route=%2Fwp%2Fv2%2Fcategories&post=30217"},{"taxonomy":"post_tag","embeddable":true,"href":"https:\/\/zonaroja.com.mx\/index.php?rest_route=%2Fwp%2Fv2%2Ftags&post=30217"}],"curies":[{"name":"wp","href":"https:\/\/api.w.org\/{rel}","templated":true}]}}