{"id":30220,"date":"2021-07-27T14:49:28","date_gmt":"2021-07-27T19:49:28","guid":{"rendered":"https:\/\/www.zonaroja.com.mx\/?p=30220"},"modified":"2021-07-27T14:49:30","modified_gmt":"2021-07-27T19:49:30","slug":"se-rebelan-mercaderes-pero-edil-los-ignora-y-bloquean-calles","status":"publish","type":"post","link":"https:\/\/zonaroja.com.mx\/?p=30220","title":{"rendered":"Se rebelan mercaderes, pero edil los ignora y bloquean calles"},"content":{"rendered":"\n<p class=\"MsoNormal\">Evlin Arag\u00f3n\/Zona Roja.&nbsp;<\/p>\n\n\n\n<p class=\"MsoNormal\">Oaxaca de Ju\u00e1rez, Oax., 21 julio de 2021.-&nbsp;\u201c\u00a1Oswaldo dec\u00eda, que todo cambiar\u00eda!, \u00a1mentira, mentira, la misma porquer\u00eda!\u201d.<\/p>\n\n\n\n<p class=\"MsoNormal\">&nbsp;Fueron parte de las consignas con la que comerciantes establecidos de diversos mercados de la ciudad de Oaxaca acompa\u00f1aron su marcha&nbsp;este martes, para exigir fin al ambulantaje y ser tomados en cuenta en alg\u00fan programa de reactivaci\u00f3n econ\u00f3mica debido a las afectaciones que han tenido en el marco de la pandemia.&nbsp;<\/p>\n\n\n\n<p class=\"MsoNormal\">Explicaron que, en ning\u00fan momento, la autoridad municipal y estatal se ha acercado para mostrar apoyo al comercio establecido, pese a las constantes solicitudes que han presentado en las que detallan la crisis que vive el gremio debido a la contingencia sanitaria.  <\/p>\n\n\n\n<p class=\"MsoNormal\">\u201cHemos vivido a la deriva todos los mercados, se han metido infinidad de oficios que no han tenido contestaci\u00f3n por parte de las autoridades\u201d, dijo Jos\u00e9 Manuel Garc\u00eda, del mercado \u201cBenito Ju\u00e1rez\u201d&nbsp;<\/p>\n\n\n\n<p class=\"MsoNormal\">La marcha, que arrib\u00f3 en la Plaza de la Danza, no sirvi\u00f3 para obtener la atenci\u00f3n de una autoridad municipal ausente, encabezada por Oswaldo Garc\u00eda Jarqu\u00edn, de ah\u00ed que se convirti\u00f3 en un bloqueo de calles del primer cuadro de la ciudad, ya de por s\u00ed afectado por el ambulantaje.&nbsp;&nbsp;<\/p>\n\n\n\n<p class=\"MsoNormal\">Durante su movilizaci\u00f3n, el grupo de comerciantes descalific\u00f3 el operativo implementado por el edil para impedir la instalaci\u00f3n de vendedores ambulantes en el Centro Hist\u00f3rico, problem\u00e1tica que aseguran debe ser atendida de manera integral para evitar da\u00f1ar a familias enteras que viven de dicha actividad.&nbsp;&nbsp;<\/p>\n\n\n\n<p class=\"MsoNormal\">\u201cCreo que se les tiene que dar un espacio digno, son personas que tambi\u00e9n tienen necesidades y el municipio no lo ha visto de esa manera. El desalojo fue un fracaso y el operativo no tiene cabeza, solo se movieron de un lugar a otro ocasionando mayores problemas de los que ya hab\u00eda\u201d, expuso.&nbsp;&nbsp;<\/p>\n\n\n\n<p class=\"MsoNormal\">Al no lograr ninguna atenci\u00f3n por parte de las autoridades municipales encabezadas por Garc\u00eda Jarqu\u00edn, bloquearon por unas horas las calles Morelos e Independencia con varios cruces.&nbsp;<\/p>\n\n\n\n<p class=\"MsoNormal\">TAMBI\u00c9N EMPRESARIOS<\/p>\n\n\n\n<p class=\"MsoNormal\">En este mismo sentido, comerciantes establecidos del Centro Hist\u00f3rico protestaron en la Alameda de Le\u00f3n en contra del edil de Oaxaca, a quien le exigieron acciones formales y contundentes contra el comercio informal y la inseguridad que padecen las y los capitalinos.&nbsp;&nbsp;<\/p>\n\n\n\n<p class=\"MsoNormal\">\u201cHoy le exigimos al presidente municipal que se respeten las leyes y que aplique el Estado de Derecho, se necesita un espacio para quienes comercializan productos en la v\u00eda p\u00fablica y la regulaci\u00f3n del comercio informal\u201d, expuso Esther Merino.&nbsp;&nbsp;<\/p>\n\n\n\n<p class=\"MsoNormal\">En este sentido y en conjunto con otros empresarios, indic\u00f3 que existe preocupaci\u00f3n de que Oaxaca pierda la denominaci\u00f3n de Ciudad Patrimonio, como recientemente sucedi\u00f3 con Liverpool, ello debido a las actuales condiciones en las que se encuentra.&nbsp;<\/p>\n\n\n\n<p class=\"MsoNormal\">Adem\u00e1s, advirti\u00f3 que, desde 2019, la ciudad no recibe recurso por ser una Ciudad Patrimonio debido a que no ha cumplido con los lineamientos necesarios, situaci\u00f3n de la cual responsabilizaron a Oswaldo Garc\u00eda Jarqu\u00edn, quien poco o nada ha hecho para resolver el tema del ambulantaje y la inseguridad en la capital.  <\/p>\n","protected":false},"excerpt":{"rendered":"<p>Evlin Arag\u00f3n\/Zona Roja.&nbsp; Oaxaca de Ju\u00e1rez, Oax., 21 julio de 2021.-&nbsp;\u201c\u00a1Oswaldo dec\u00eda, que todo cambiar\u00eda!,&hellip;<\/p>\n","protected":false},"author":2,"featured_media":30219,"comment_status":"closed","ping_status":"open","sticky":false,"template":"","format":"standard","meta":{"_lmt_disableupdate":"","_lmt_disable":"","_jetpack_memberships_contains_paid_content":false,"footnotes":""},"categories":[109,47],"tags":[115],"class_list":["post-30220","post","type-post","status-publish","format-standard","has-post-thumbnail","hentry","category-minuto-a-minuto","category-zona-gris","tag-oswaldo-garcia-jarquin"],"jetpack_featured_media_url":"https:\/\/zonaroja.com.mx\/wp-content\/uploads\/2021\/07\/0eed5633-86de-40a7-b8a7-142f99d4a3e5.jpg","jetpack_sharing_enabled":true,"_links":{"self":[{"href":"https:\/\/zonaroja.com.mx\/index.php?rest_route=\/wp\/v2\/posts\/30220","targetHints":{"allow":["GET"]}}],"collection":[{"href":"https:\/\/zonaroja.com.mx\/index.php?rest_route=\/wp\/v2\/posts"}],"about":[{"href":"https:\/\/zonaroja.com.mx\/index.php?rest_route=\/wp\/v2\/types\/post"}],"author":[{"embeddable":true,"href":"https:\/\/zonaroja.com.mx\/index.php?rest_route=\/wp\/v2\/users\/2"}],"replies":[{"embeddable":true,"href":"https:\/\/zonaroja.com.mx\/index.php?rest_route=%2Fwp%2Fv2%2Fcomments&post=30220"}],"version-history":[{"count":1,"href":"https:\/\/zonaroja.com.mx\/index.php?rest_route=\/wp\/v2\/posts\/30220\/revisions"}],"predecessor-version":[{"id":30221,"href":"https:\/\/zonaroja.com.mx\/index.php?rest_route=\/wp\/v2\/posts\/30220\/revisions\/30221"}],"wp:featuredmedia":[{"embeddable":true,"href":"https:\/\/zonaroja.com.mx\/index.php?rest_route=\/wp\/v2\/media\/30219"}],"wp:attachment":[{"href":"https:\/\/zonaroja.com.mx\/index.php?rest_route=%2Fwp%2Fv2%2Fmedia&parent=30220"}],"wp:term":[{"taxonomy":"category","embeddable":true,"href":"https:\/\/zonaroja.com.mx\/index.php?rest_route=%2Fwp%2Fv2%2Fcategories&post=30220"},{"taxonomy":"post_tag","embeddable":true,"href":"https:\/\/zonaroja.com.mx\/index.php?rest_route=%2Fwp%2Fv2%2Ftags&post=30220"}],"curies":[{"name":"wp","href":"https:\/\/api.w.org\/{rel}","templated":true}]}}