{"id":30223,"date":"2021-07-27T18:15:31","date_gmt":"2021-07-27T23:15:31","guid":{"rendered":"http:\/\/www.zonaroja.com.mx\/?p=30223"},"modified":"2021-07-27T18:15:34","modified_gmt":"2021-07-27T23:15:34","slug":"erika-bermeo-orgullo-oaxaqueno-que-bordo-trajes-olimpicos-de-mexicanos","status":"publish","type":"post","link":"https:\/\/zonaroja.com.mx\/?p=30223","title":{"rendered":"\u00c9rika Bermeo, orgullo oaxaque\u00f1o que bord\u00f3 trajes ol\u00edmpicos de mexicanos"},"content":{"rendered":"\n<p>Evlin Arag\u00f3n\/Zona Roja.<\/p>\n\n\n\n<p>Oaxaca de Ju\u00e1rez, Oax., 27 de julio de 2021.- \u201cSe siente padr\u00edsimo, me siento agradecida con Dios, me siento afortunada, me siento bendecida, se siente muy bonito\u201d.<\/p>\n\n\n\n<p>Son las palabras de Erika Bermeo, empresaria oaxaque\u00f1a y propietaria del establecimiento \u201cOaxaca Glamour y Estilo\u201d, ubicado en la Ciudad de M\u00e9xico, de donde sali\u00f3 la cinta con bordado istme\u00f1o utilizada para los uniformes que port\u00f3 la delegaci\u00f3n mexicana en la inauguraci\u00f3n de los Juegos Ol\u00edmpicos Tokio2020.<\/p>\n\n\n\n<p>De acuerdo con publicaciones en medios digitales como Facebook, la empresaria relat\u00f3 que un d\u00eda cualquiera del a\u00f1o 2019, previo a la pandemia, abri\u00f3 su tienda y le compraron una tira bordada, la primera que utiliz\u00f3 Industrias Adverbs y High Life M\u00e9xico para el prototipo de dise\u00f1o que compiti\u00f3 en las redes sociales con otros dos m\u00e1s.&nbsp;<\/p>\n\n\n\n<p>Aunque al momento de realizar la venta le informaron que iban de Industrias Adverbs, ella desconoc\u00eda qui\u00e9nes eran y la vendi\u00f3 como a cualquier otro cliente, sin pedir demasiadas explicaciones, \u00fanicamente agradeciendo la compra.<\/p>\n\n\n\n<p>Posteriormente, como buena oaxaque\u00f1a, ella misma comparti\u00f3 en sus redes sociales la publicaci\u00f3n en la que se ped\u00edan votos para el uniforme con bordado istme\u00f1o, sin saber que se trataba de su dise\u00f1o, situaci\u00f3n que le fue informada por la empresa quien le advirti\u00f3 de una posible compra en caso de ganar.&nbsp;<\/p>\n\n\n\n<p>Sin creerlo de primera cuenta, tuvo que descargar la imagen y hacerle zoom para comprobar que se trataba de la cinta bordada que, previamente, hab\u00eda sido adquirida en su negocio.<\/p>\n\n\n\n<p>De ah\u00ed que alert\u00f3 a Anita, la artesana que trabaja con ella, para iniciar con la producci\u00f3n de m\u00e1s tiras, pues una corazonada le dec\u00eda que el dise\u00f1o oaxaque\u00f1o ganar\u00eda.&nbsp;&nbsp;<\/p>\n\n\n\n<p>Aunque reconoce que no elaboraron el lote completo, ya que era imposible que una sola persona realizar\u00e1 el bordado artesanal, a mano y con aguja en tan poco tiempo, si logr\u00f3 vender buena parte del material que se utiliz\u00f3 para la vestimenta con la que desfilaron las y los atletas mexicanos, el pasado 23 de julio.&nbsp;<\/p>\n\n\n\n<p>Incluso refiere que llor\u00f3 al ver la transmisi\u00f3n de la inauguraci\u00f3n de los Juegos Ol\u00edmpicos puesto que esos bordados fueron hechos con mucho amor y se vendieron en su tienda.&nbsp;<\/p>\n\n\n\n<p>\u201cSi llor\u00e9, es una emoci\u00f3n muy grande porque sufrimos tanto, no s\u00f3lo yo sino muchos artesanos de toda la Rep\u00fablica con el tema de la pandemia, pero no nos dimos por vencidos. Y de repente ver que parte de tu trabajo est\u00e1 del otro lado del mundo y que lo est\u00e1n viendo en todo el planeta es algo que jam\u00e1s me imagine ni espere\u201d, manifest\u00f3.<\/p>\n\n\n\n<p>Aunque para Erika es muy importante aclarar que ella no borda, si hace todo el trabajo previo y posterior, es decir fue la encargada de hacer el dise\u00f1o de la cinta, comprar los hilos y la tela, realizar los cortes que despu\u00e9s proporcion\u00f3 a Anita para el bordado y posteriormente fue la encargada de realizar la venta.<\/p>\n\n\n\n<p>Por todo lo anterior tiene un profundo agradecimiento con la empresa que dise\u00f1o los uniformes, que adem\u00e1s le permiti\u00f3 tomarse una fotograf\u00eda con el uniforme y promocionarlo en sus redes sociales, a sabiendas que ser\u00eda un gran impulso para su negocio, en medio de la pandemia.&nbsp;<\/p>\n\n\n\n<p>\u201cSi han llegado m\u00e1s clientes y me han hecho m\u00e1s pedidos en l\u00ednea. Estoy muy agradecida con Dios\u201d, concluy\u00f3.&nbsp;<\/p>\n","protected":false},"excerpt":{"rendered":"<p>Evlin Arag\u00f3n\/Zona Roja. Oaxaca de Ju\u00e1rez, Oax., 27 de julio de 2021.- \u201cSe siente padr\u00edsimo,&hellip;<\/p>\n","protected":false},"author":2,"featured_media":30204,"comment_status":"closed","ping_status":"open","sticky":false,"template":"","format":"standard","meta":{"_lmt_disableupdate":"","_lmt_disable":"","_jetpack_memberships_contains_paid_content":false,"footnotes":""},"categories":[109,46],"tags":[2816],"class_list":["post-30223","post","type-post","status-publish","format-standard","has-post-thumbnail","hentry","category-minuto-a-minuto","category-zona-blanca","tag-erika-bermejo-delegacion-mexicana-olimpicos"],"jetpack_featured_media_url":"https:\/\/zonaroja.com.mx\/wp-content\/uploads\/2021\/07\/Mujer-istmena-trajes-olimpicos.jpg","jetpack_sharing_enabled":true,"_links":{"self":[{"href":"https:\/\/zonaroja.com.mx\/index.php?rest_route=\/wp\/v2\/posts\/30223","targetHints":{"allow":["GET"]}}],"collection":[{"href":"https:\/\/zonaroja.com.mx\/index.php?rest_route=\/wp\/v2\/posts"}],"about":[{"href":"https:\/\/zonaroja.com.mx\/index.php?rest_route=\/wp\/v2\/types\/post"}],"author":[{"embeddable":true,"href":"https:\/\/zonaroja.com.mx\/index.php?rest_route=\/wp\/v2\/users\/2"}],"replies":[{"embeddable":true,"href":"https:\/\/zonaroja.com.mx\/index.php?rest_route=%2Fwp%2Fv2%2Fcomments&post=30223"}],"version-history":[{"count":1,"href":"https:\/\/zonaroja.com.mx\/index.php?rest_route=\/wp\/v2\/posts\/30223\/revisions"}],"predecessor-version":[{"id":30224,"href":"https:\/\/zonaroja.com.mx\/index.php?rest_route=\/wp\/v2\/posts\/30223\/revisions\/30224"}],"wp:featuredmedia":[{"embeddable":true,"href":"https:\/\/zonaroja.com.mx\/index.php?rest_route=\/wp\/v2\/media\/30204"}],"wp:attachment":[{"href":"https:\/\/zonaroja.com.mx\/index.php?rest_route=%2Fwp%2Fv2%2Fmedia&parent=30223"}],"wp:term":[{"taxonomy":"category","embeddable":true,"href":"https:\/\/zonaroja.com.mx\/index.php?rest_route=%2Fwp%2Fv2%2Fcategories&post=30223"},{"taxonomy":"post_tag","embeddable":true,"href":"https:\/\/zonaroja.com.mx\/index.php?rest_route=%2Fwp%2Fv2%2Ftags&post=30223"}],"curies":[{"name":"wp","href":"https:\/\/api.w.org\/{rel}","templated":true}]}}