{"id":30232,"date":"2021-07-27T22:29:00","date_gmt":"2021-07-28T03:29:00","guid":{"rendered":"http:\/\/www.zonaroja.com.mx\/?p=30232"},"modified":"2021-07-27T22:29:04","modified_gmt":"2021-07-28T03:29:04","slug":"tiene-oaxaca-dia-fatal-por-covid-386-positivos-y-22-muertes","status":"publish","type":"post","link":"https:\/\/zonaroja.com.mx\/?p=30232","title":{"rendered":"Tiene Oaxaca d\u00eda fatal por Covid: 386 positivos y 22 muertes"},"content":{"rendered":"\n<p>Redacci\u00f3n\/Zona Roja.<\/p>\n\n\n\n<p>Oaxaca de Ju\u00e1rez, Oax. 27 de julio de 2021.- Los Servicios de Salud de Oaxaca (SSO) han contabilizado este d\u00eda 386 casos nuevos de Covid-19, y 22 decesos, sumando 53 mil 466 casos acumulados y cuatro mil 117 defunciones.<\/p>\n\n\n\n<p>Por lo anterior, la dependencia se\u00f1ala como urgente darle continuidad a las medidas preventivas como el uso correcto del cubrebocas, aplicar la sana distancia, lavado de manos y evitar lugares concurridos, fiestas o reuniones.<\/p>\n\n\n\n<p>La instituci\u00f3n detall\u00f3 la importancia de que la poblaci\u00f3n y autoridades municipales, prestadores de servicios e iniciativa privada, hagan conciencia de asumir la responsabilidad de los cuidados personales, familiares y sociales para romper la cadena de transmisi\u00f3n y mitigar la tercera ola del coronavirus en la entidad.<\/p>\n\n\n\n<p>Y es que se han notificado 93 mil 549 casos, de los cuales 34 mil 592 han sido negativos, hay cinco mil 491 casos sospechosos, 47 mil 560 se han recuperado y&nbsp; hay mil 789 personas con la enfermedad.<\/p>\n\n\n\n<p>Por Jurisdicci\u00f3n Sanitaria, Valles Centrales registr\u00f3 34 mil 375 casos confirmados y mil 940 defunciones; Istmo seis mil 155 casos confirmados y 845 decesos, Tuxtepec tres mil 348 y 360 muertes; Costa tres mil 421 casos confirmados y 331 fallecimientos; Mixteca cuatro mil 326 casos confirmados y 413 p\u00e9rdidas fatales; Sierra mil 841 casos confirmados y 228 defunciones.<\/p>\n\n\n\n<figure class=\"wp-block-embed-twitter wp-block-embed is-type-rich is-provider-twitter\"><div class=\"wp-block-embed__wrapper\">\n<div class=\"twitter-tweet\"><blockquote class=\"twitter-tweet\" data-lang=\"es\"><p lang=\"es\" dir=\"ltr\"><a href=\"https:\/\/twitter.com\/hashtag\/%C3%9AltimoMinuto?src=hash&amp;ref_src=twsrc%5Etfw\">#\u00daltimoMinuto<\/a><br>En el segundo d\u00eda en sem\u00e1foro naranja, <a href=\"https:\/\/twitter.com\/hashtag\/Oaxaca?src=hash&amp;ref_src=twsrc%5Etfw\">#Oaxaca<\/a> registr\u00f3 este martes 386 casos positivos a Covid-19, para un acumulado de 53 mil 466 casos confirmados.<br>Asimismo, 22 defunciones, con lo que suman 4 mil 117 decesos.<br>Ocupaci\u00f3n hospitalaria subi\u00f3 al 58.4% promedio. <a href=\"https:\/\/t.co\/MgSi5W9iqO\">pic.twitter.com\/MgSi5W9iqO<\/a><\/p>&mdash; Zona Roja Oaxaca (@Zona_Roja_Oax) <a href=\"https:\/\/twitter.com\/Zona_Roja_Oax\/status\/1420194426266300416?ref_src=twsrc%5Etfw\">28 de julio de 2021<\/a><\/blockquote><\/div>\n<\/div><\/figure>\n\n\n\n<p>Los 386 casos nuevos de Covid-19 afectan a 83 municipios, siendo el de San Juan Bautista Tuxtepec con 56 casos, seguido de Oaxaca de Ju\u00e1rez con 50, Loma Bonita y San Pedro Mixtepec (distrito 22) 23 cada uno, Miahuatl\u00e1n de Porfirio D\u00edaz y Santo Domingo Tehuantepec 17 cada uno, Santa Luc\u00eda del Camino 14, Juchit\u00e1n de Zaragoza 12, Santa Mar\u00eda Colotepec nueve, el resto de siete a un solo caso.<\/p>\n\n\n\n<p>De las cuatro mil 117 defunciones, dos mil 656 han sido hombres y mil 461 mujeres. El grupo de edad m\u00e1s afectado es el de 65 y m\u00e1s a\u00f1os con mil 952 defunciones, seguido de 50 a 59 con 899 y de 60 a 64 con 590; las comorbilidades asociadas son la hipertensi\u00f3n arterial, diabetes, obesidad e insuficiencia renal.<\/p>\n\n\n\n<p>En relaci\u00f3n a la ocupaci\u00f3n hospitalaria, hay un global del 58.4%, 15 hospitales est\u00e1n al 100% de ocupaci\u00f3n, hay 27 nuevos hospitalizados, 226 camas est\u00e1n ocupadas, de un total de 387 y disponibles 161.<\/p>\n\n\n\n<p>Finalmente, la instituci\u00f3n hace un llamado a la poblaci\u00f3n para que siga las recomendaciones sanitarias como el uso correcto del cubrebocas, aplicar la sana distancia y lavado de manos, evitar los lugares concurridos, reuniones, fiestas o todo acto que congregue a las personas, ya que la salud es responsabilidad de todas y todos, si te cuidas t\u00fa, nos cuidas a todos.<\/p>\n\n\n\n<p>(Comunicado de prensa)<\/p>\n","protected":false},"excerpt":{"rendered":"<p>Redacci\u00f3n\/Zona Roja. Oaxaca de Ju\u00e1rez, Oax. 27 de julio de 2021.- Los Servicios de Salud&hellip;<\/p>\n","protected":false},"author":2,"featured_media":30233,"comment_status":"closed","ping_status":"open","sticky":false,"template":"","format":"standard","meta":{"_lmt_disableupdate":"","_lmt_disable":"","_jetpack_memberships_contains_paid_content":false,"footnotes":""},"categories":[109,47],"tags":[1512],"class_list":["post-30232","post","type-post","status-publish","format-standard","has-post-thumbnail","hentry","category-minuto-a-minuto","category-zona-gris","tag-coronavirus-oaxaca"],"jetpack_featured_media_url":"https:\/\/zonaroja.com.mx\/wp-content\/uploads\/2021\/07\/SSO-2-2-1.jpeg","jetpack_sharing_enabled":true,"_links":{"self":[{"href":"https:\/\/zonaroja.com.mx\/index.php?rest_route=\/wp\/v2\/posts\/30232","targetHints":{"allow":["GET"]}}],"collection":[{"href":"https:\/\/zonaroja.com.mx\/index.php?rest_route=\/wp\/v2\/posts"}],"about":[{"href":"https:\/\/zonaroja.com.mx\/index.php?rest_route=\/wp\/v2\/types\/post"}],"author":[{"embeddable":true,"href":"https:\/\/zonaroja.com.mx\/index.php?rest_route=\/wp\/v2\/users\/2"}],"replies":[{"embeddable":true,"href":"https:\/\/zonaroja.com.mx\/index.php?rest_route=%2Fwp%2Fv2%2Fcomments&post=30232"}],"version-history":[{"count":1,"href":"https:\/\/zonaroja.com.mx\/index.php?rest_route=\/wp\/v2\/posts\/30232\/revisions"}],"predecessor-version":[{"id":30234,"href":"https:\/\/zonaroja.com.mx\/index.php?rest_route=\/wp\/v2\/posts\/30232\/revisions\/30234"}],"wp:featuredmedia":[{"embeddable":true,"href":"https:\/\/zonaroja.com.mx\/index.php?rest_route=\/wp\/v2\/media\/30233"}],"wp:attachment":[{"href":"https:\/\/zonaroja.com.mx\/index.php?rest_route=%2Fwp%2Fv2%2Fmedia&parent=30232"}],"wp:term":[{"taxonomy":"category","embeddable":true,"href":"https:\/\/zonaroja.com.mx\/index.php?rest_route=%2Fwp%2Fv2%2Fcategories&post=30232"},{"taxonomy":"post_tag","embeddable":true,"href":"https:\/\/zonaroja.com.mx\/index.php?rest_route=%2Fwp%2Fv2%2Ftags&post=30232"}],"curies":[{"name":"wp","href":"https:\/\/api.w.org\/{rel}","templated":true}]}}