{"id":30236,"date":"2021-07-27T22:43:47","date_gmt":"2021-07-28T03:43:47","guid":{"rendered":"http:\/\/www.zonaroja.com.mx\/?p=30236"},"modified":"2021-07-27T22:43:51","modified_gmt":"2021-07-28T03:43:51","slug":"cumple-nueve-dias-paro-en-jurisdiccion-valles-de-sso-sin-atencion","status":"publish","type":"post","link":"https:\/\/zonaroja.com.mx\/?p=30236","title":{"rendered":"Cumple nueve d\u00edas paro en Jurisdicci\u00f3n Valles de SSO, sin atenci\u00f3n"},"content":{"rendered":"\n<p>Ismael Garc\u00eda M.\/Zona Roja.<\/p>\n\n\n\n<p>Oaxaca de Ju\u00e1rez, Oax., 27 de julio de 2021.- Este martes se cumplieron nueve d\u00edas de paro de labores en la Jurisdicci\u00f3n Sanitaria 1, Valles Centrales, sin atenci\u00f3n por parte del titular de los Servicios de Salud de Oaxaca, Juan Carlos M\u00e1rquez Heine.<\/p>\n\n\n\n<p>As\u00ed lo denunciaron los trabajadores que se encuentran en \u201casamblea permanente\u201d, en su sede en la colonia Eliseo Jim\u00e9nez Ruiz de la ciudad capital.<\/p>\n\n\n\n<p>Seg\u00fan denunciaron hoy en conferencia de prensa, las demandas son el pago de vi\u00e1ticos y combustibles del a\u00f1o 2020; el otorgamiento del concepto 30, una prestaci\u00f3n adicional al salario.<\/p>\n\n\n\n<p>Adem\u00e1s, espacios dignos para laborar, en que se pueda observar la sana distancia, para evitar contagios por Covid-19; dotaci\u00f3n de parque vehicular para acudir a las comunidades de su jurisdicci\u00f3n, pues en muchas ocasiones tienen que utilizar sus unidades de motor.<\/p>\n\n\n\n<figure class=\"wp-block-embed-twitter wp-block-embed is-type-rich is-provider-twitter\"><div class=\"wp-block-embed__wrapper\">\n<div class=\"twitter-tweet\"><blockquote class=\"twitter-tweet\" data-lang=\"es\"><p lang=\"es\" dir=\"ltr\"><a href=\"https:\/\/twitter.com\/hashtag\/ENVIVO?src=hash&amp;ref_src=twsrc%5Etfw\">#ENVIVO<\/a><br>Oaxaca de Ju\u00e1rez, Oax.,27 de julio de 2021.- Trabajadores de la Jurisdicci\u00f3n Sanitaria 1 Valles Centrales, denuncian que a m\u00e1s de una semana de paro de labores, los <a href=\"https:\/\/twitter.com\/SSO_GobOax?ref_src=twsrc%5Etfw\">@SSO_GobOax<\/a> no han dado ninguna respuesta a sus demandas.<br>Siga aqu\u00ed transmisi\u00f3n:<br>\ud83d\udc47<a href=\"https:\/\/t.co\/TviESJTRSK\">https:\/\/t.co\/TviESJTRSK<\/a><\/p>&mdash; Zona Roja Oaxaca (@Zona_Roja_Oax) <a href=\"https:\/\/twitter.com\/Zona_Roja_Oax\/status\/1420052697915355136?ref_src=twsrc%5Etfw\">27 de julio de 2021<\/a><\/blockquote><\/div>\n<\/div><\/figure>\n\n\n\n<p>Dotaci\u00f3n de material de oficina y de equipo de protecci\u00f3n; compartieron documentos y fotograf\u00edas en que detallan las diversas acciones que han emprendido en las comunidades, a pesar de la contingencia sanitaria.<\/p>\n\n\n\n<p>Ante la falta de respuestas, solicitaron la renuncia de Manuel Santiago Luis, responsable administrativo de la Jurisdicci\u00f3n Sanitaria.<\/p>\n\n\n\n<p>\u201cSe\u00f1or secretario de Salud, le pedimos atienda nuestras necesidades, ya que a quienes afectamos directamente es a la poblaci\u00f3n a la que nos debemos, no queremos m\u00e1s promesas, queremos soluciones.<\/p>\n\n\n\n<p>\u201cSe\u00f1or gobernador (Alejandro Murat), tenemos amor a nuestro estado, a la gente de Oaxaca y por eso hemos hecho hasta lo imposible por dar todo de nosotros durante esta contingencia. Es necesario que voltee a vernos, lo que pedimos es lo m\u00ednimo indispensable para continuar trabajando con usted, enfrentando esta pandemia\u201d, puntualizaron; sin embargo, no han recibido ninguna respuesta.<\/p>\n","protected":false},"excerpt":{"rendered":"<p>Ismael Garc\u00eda M.\/Zona Roja. Oaxaca de Ju\u00e1rez, Oax., 27 de julio de 2021.- Este martes&hellip;<\/p>\n","protected":false},"author":2,"featured_media":30237,"comment_status":"closed","ping_status":"open","sticky":false,"template":"","format":"standard","meta":{"_lmt_disableupdate":"","_lmt_disable":"","_jetpack_memberships_contains_paid_content":false,"footnotes":""},"categories":[109,47],"tags":[1005],"class_list":["post-30236","post","type-post","status-publish","format-standard","has-post-thumbnail","hentry","category-minuto-a-minuto","category-zona-gris","tag-servicios-de-salud-de-oaxaca-sso"],"jetpack_featured_media_url":"https:\/\/zonaroja.com.mx\/wp-content\/uploads\/2021\/07\/Jurisdiccion-Sanitaria-Valles-SSO.jpg","jetpack_sharing_enabled":true,"_links":{"self":[{"href":"https:\/\/zonaroja.com.mx\/index.php?rest_route=\/wp\/v2\/posts\/30236","targetHints":{"allow":["GET"]}}],"collection":[{"href":"https:\/\/zonaroja.com.mx\/index.php?rest_route=\/wp\/v2\/posts"}],"about":[{"href":"https:\/\/zonaroja.com.mx\/index.php?rest_route=\/wp\/v2\/types\/post"}],"author":[{"embeddable":true,"href":"https:\/\/zonaroja.com.mx\/index.php?rest_route=\/wp\/v2\/users\/2"}],"replies":[{"embeddable":true,"href":"https:\/\/zonaroja.com.mx\/index.php?rest_route=%2Fwp%2Fv2%2Fcomments&post=30236"}],"version-history":[{"count":1,"href":"https:\/\/zonaroja.com.mx\/index.php?rest_route=\/wp\/v2\/posts\/30236\/revisions"}],"predecessor-version":[{"id":30238,"href":"https:\/\/zonaroja.com.mx\/index.php?rest_route=\/wp\/v2\/posts\/30236\/revisions\/30238"}],"wp:featuredmedia":[{"embeddable":true,"href":"https:\/\/zonaroja.com.mx\/index.php?rest_route=\/wp\/v2\/media\/30237"}],"wp:attachment":[{"href":"https:\/\/zonaroja.com.mx\/index.php?rest_route=%2Fwp%2Fv2%2Fmedia&parent=30236"}],"wp:term":[{"taxonomy":"category","embeddable":true,"href":"https:\/\/zonaroja.com.mx\/index.php?rest_route=%2Fwp%2Fv2%2Fcategories&post=30236"},{"taxonomy":"post_tag","embeddable":true,"href":"https:\/\/zonaroja.com.mx\/index.php?rest_route=%2Fwp%2Fv2%2Ftags&post=30236"}],"curies":[{"name":"wp","href":"https:\/\/api.w.org\/{rel}","templated":true}]}}