{"id":3024,"date":"2019-08-12T08:16:07","date_gmt":"2019-08-12T13:16:07","guid":{"rendered":"http:\/\/www.zonaroja.com.mx\/?p=3024"},"modified":"2019-08-12T08:16:10","modified_gmt":"2019-08-12T13:16:10","slug":"suma-oaxaca-408-casos-de-dengue-aun-no-reconocen-muertos","status":"publish","type":"post","link":"https:\/\/zonaroja.com.mx\/?p=3024","title":{"rendered":"Suma Oaxaca 408 casos de dengue; a\u00fan no reconocen muertos"},"content":{"rendered":"\n<p>Redacci\u00f3n\/Zona\nRoja<\/p>\n\n\n\n<p>Oaxaca de\nJu\u00e1rez, Oax., 12 de agosto de 2019.- A 408 casos ascendi\u00f3 el n\u00famero de personas\ncon dengue en la entidad oaxaque\u00f1a, inform\u00f3 la dependencia Servicios de Salud\nde Oaxaca (SSO), aunque a\u00fan no reconoce como fallecido a un menor de edad en la\nregi\u00f3n del Istmo de Tehuantepec.<\/p>\n\n\n\n<p>De acuerdo\ncon un comunicado, hasta la semana epidemiol\u00f3gica n\u00famero 31, los casos\nconfirmados de dengue se concentran en la jurisdicci\u00f3n 01 regi\u00f3n de Valles\nCentrales con 274, le sigue la jurisdicci\u00f3n sanitaria n\u00famero 06 de la Sierra\ncon 47 casos y posteriormente la jurisdicci\u00f3n sanitaria n\u00famero 02 del Istmo con\n45, mismos que se distribuyen en diferentes localidades y actualmente no\nmuestran transmisi\u00f3n activa, gracias a las actividades implementadas.<\/p>\n\n\n\n<p>Contin\u00faa la\njurisdicci\u00f3n sanitaria 04 regi\u00f3n Costa con 30 casos registrados, la\njurisdicci\u00f3n 03 regi\u00f3n de Tuxtepec con 8 y finalmente la jurisdicci\u00f3n 05 regi\u00f3n\nMixteca con 4.<\/p>\n\n\n\n<p>Detall\u00f3 que\nde los 408 casos confirmados en las seis jurisdicciones sanitarias, 238\ncorresponden al sexo femenino, es decir un 58% y 170, es decir el 42% al sexo\nmasculino, y asegur\u00f3 que los grupos de edad m\u00e1s afectados con dengue, abarca de\n5 a 34 a\u00f1os, agrupando aproximadamente el 70 % de los casos totales.<\/p>\n\n\n\n<p>Convoc\u00f3 a\nlas autoridades de salud municipales \u201cpara no generar alarma entre la poblaci\u00f3n\noaxaque\u00f1a\u201d, pues hasta el momento los casos confirmados son atendidos de manera\nurgente y oportuna a trav\u00e9s de las unidades m\u00e9dicas y centros de salud que se\nencuentran en las zonas que registran mayores casos.<\/p>\n","protected":false},"excerpt":{"rendered":"<p>Redacci\u00f3n\/Zona Roja Oaxaca de Ju\u00e1rez, Oax., 12 de agosto de 2019.- A 408 casos ascendi\u00f3&hellip;<\/p>\n","protected":false},"author":2,"featured_media":3025,"comment_status":"closed","ping_status":"open","sticky":false,"template":"","format":"standard","meta":{"_lmt_disableupdate":"","_lmt_disable":"","_jetpack_memberships_contains_paid_content":false,"footnotes":""},"categories":[109,47],"tags":[538],"class_list":["post-3024","post","type-post","status-publish","format-standard","has-post-thumbnail","hentry","category-minuto-a-minuto","category-zona-gris","tag-dengue-servicios-de-salud-oaxaca"],"jetpack_featured_media_url":"https:\/\/zonaroja.com.mx\/wp-content\/uploads\/2019\/08\/SSO-2.jpeg","jetpack_sharing_enabled":true,"_links":{"self":[{"href":"https:\/\/zonaroja.com.mx\/index.php?rest_route=\/wp\/v2\/posts\/3024","targetHints":{"allow":["GET"]}}],"collection":[{"href":"https:\/\/zonaroja.com.mx\/index.php?rest_route=\/wp\/v2\/posts"}],"about":[{"href":"https:\/\/zonaroja.com.mx\/index.php?rest_route=\/wp\/v2\/types\/post"}],"author":[{"embeddable":true,"href":"https:\/\/zonaroja.com.mx\/index.php?rest_route=\/wp\/v2\/users\/2"}],"replies":[{"embeddable":true,"href":"https:\/\/zonaroja.com.mx\/index.php?rest_route=%2Fwp%2Fv2%2Fcomments&post=3024"}],"version-history":[{"count":1,"href":"https:\/\/zonaroja.com.mx\/index.php?rest_route=\/wp\/v2\/posts\/3024\/revisions"}],"predecessor-version":[{"id":3026,"href":"https:\/\/zonaroja.com.mx\/index.php?rest_route=\/wp\/v2\/posts\/3024\/revisions\/3026"}],"wp:featuredmedia":[{"embeddable":true,"href":"https:\/\/zonaroja.com.mx\/index.php?rest_route=\/wp\/v2\/media\/3025"}],"wp:attachment":[{"href":"https:\/\/zonaroja.com.mx\/index.php?rest_route=%2Fwp%2Fv2%2Fmedia&parent=3024"}],"wp:term":[{"taxonomy":"category","embeddable":true,"href":"https:\/\/zonaroja.com.mx\/index.php?rest_route=%2Fwp%2Fv2%2Fcategories&post=3024"},{"taxonomy":"post_tag","embeddable":true,"href":"https:\/\/zonaroja.com.mx\/index.php?rest_route=%2Fwp%2Fv2%2Ftags&post=3024"}],"curies":[{"name":"wp","href":"https:\/\/api.w.org\/{rel}","templated":true}]}}