{"id":30242,"date":"2021-07-28T08:03:56","date_gmt":"2021-07-28T13:03:56","guid":{"rendered":"http:\/\/www.zonaroja.com.mx\/?p=30242"},"modified":"2021-07-28T08:03:59","modified_gmt":"2021-07-28T13:03:59","slug":"registra-oaxaca-tercer-caso-de-hongo-negro-ahora-en-tuxtepec","status":"publish","type":"post","link":"https:\/\/zonaroja.com.mx\/?p=30242","title":{"rendered":"Registra Oaxaca tercer caso de \u201chongo negro\u201d, ahora en Tuxtepec"},"content":{"rendered":"\n<p>Redacci\u00f3n\/Zona Roja.<\/p>\n\n\n\n<p>Oaxaca de Ju\u00e1rez, Oax., 28 de julio de 2021.- El estado de Oaxaca acumula tres casos de personas con la enfermedad conocida como \u201chongo negro\u201d, confirmaron autoridades de los Servicios de Salud de Oaxaca (SSO).<\/p>\n\n\n\n<p>El m\u00e1s reciente caso se detect\u00f3 en el hospital general de San Juan Bautista Tuxtepec, municipio de la regi\u00f3n Cuenca colindante con el estado de Veracruz, donde es atendido un individuo de entre 30 y 35 a\u00f1os de edad.<\/p>\n\n\n\n<p>En tanto, en el Hospital Regional de Alta Especialidad de Oaxaca, ubicado en San Bartolo Coyotepec, uno de ellos, un hombre de aproximadamente 55 a\u00f1os de edad, muri\u00f3, a mediados de junio pasado.<\/p>\n\n\n\n<p>El otro caso es el de Lizeth Jim\u00e9nez, de 37 a\u00f1os, quien a\u00fan se encuentra delicada de salud y ha solicitado apoyo de la sociedad para poder sufragar los costos del tratamiento.<\/p>\n\n\n\n<p>Seg\u00fan fuentes m\u00e9dicas, la enfermedad de mucormicosis, conocido popularmente como \u201chongo negro\u201d, es una infecci\u00f3n mic\u00f3tica, causada por hongos y es poco com\u00fan.<\/p>\n\n\n\n<p>Afecta los senos paranasales, el cerebro o los pulmones y es m\u00e1s com\u00fan que se presente en personas con un sistema inmunitario debilitado, como es el caso de quienes padecen o han padecido el Covid-19.<\/p>\n\n\n\n<p>Es causada por diferentes tipos de hongos, los cuales se encuentran en la materia org\u00e1nica en descomposici\u00f3n: pan, frutas y vegetales en descomposici\u00f3n, as\u00ed como la tierra y el abono.<\/p>\n","protected":false},"excerpt":{"rendered":"<p>Redacci\u00f3n\/Zona Roja. Oaxaca de Ju\u00e1rez, Oax., 28 de julio de 2021.- El estado de Oaxaca&hellip;<\/p>\n","protected":false},"author":2,"featured_media":28992,"comment_status":"closed","ping_status":"open","sticky":false,"template":"","format":"standard","meta":{"_lmt_disableupdate":"","_lmt_disable":"","_jetpack_memberships_contains_paid_content":false,"footnotes":""},"categories":[109,47],"tags":[1005],"class_list":["post-30242","post","type-post","status-publish","format-standard","has-post-thumbnail","hentry","category-minuto-a-minuto","category-zona-gris","tag-servicios-de-salud-de-oaxaca-sso"],"jetpack_featured_media_url":"https:\/\/zonaroja.com.mx\/wp-content\/uploads\/2021\/06\/Mucormicosis.jpg","jetpack_sharing_enabled":true,"_links":{"self":[{"href":"https:\/\/zonaroja.com.mx\/index.php?rest_route=\/wp\/v2\/posts\/30242","targetHints":{"allow":["GET"]}}],"collection":[{"href":"https:\/\/zonaroja.com.mx\/index.php?rest_route=\/wp\/v2\/posts"}],"about":[{"href":"https:\/\/zonaroja.com.mx\/index.php?rest_route=\/wp\/v2\/types\/post"}],"author":[{"embeddable":true,"href":"https:\/\/zonaroja.com.mx\/index.php?rest_route=\/wp\/v2\/users\/2"}],"replies":[{"embeddable":true,"href":"https:\/\/zonaroja.com.mx\/index.php?rest_route=%2Fwp%2Fv2%2Fcomments&post=30242"}],"version-history":[{"count":1,"href":"https:\/\/zonaroja.com.mx\/index.php?rest_route=\/wp\/v2\/posts\/30242\/revisions"}],"predecessor-version":[{"id":30243,"href":"https:\/\/zonaroja.com.mx\/index.php?rest_route=\/wp\/v2\/posts\/30242\/revisions\/30243"}],"wp:featuredmedia":[{"embeddable":true,"href":"https:\/\/zonaroja.com.mx\/index.php?rest_route=\/wp\/v2\/media\/28992"}],"wp:attachment":[{"href":"https:\/\/zonaroja.com.mx\/index.php?rest_route=%2Fwp%2Fv2%2Fmedia&parent=30242"}],"wp:term":[{"taxonomy":"category","embeddable":true,"href":"https:\/\/zonaroja.com.mx\/index.php?rest_route=%2Fwp%2Fv2%2Fcategories&post=30242"},{"taxonomy":"post_tag","embeddable":true,"href":"https:\/\/zonaroja.com.mx\/index.php?rest_route=%2Fwp%2Fv2%2Ftags&post=30242"}],"curies":[{"name":"wp","href":"https:\/\/api.w.org\/{rel}","templated":true}]}}