{"id":30244,"date":"2021-07-28T08:19:47","date_gmt":"2021-07-28T13:19:47","guid":{"rendered":"http:\/\/www.zonaroja.com.mx\/?p=30244"},"modified":"2021-07-28T11:24:22","modified_gmt":"2021-07-28T16:24:22","slug":"registran-los-sso-crisis-financiera-pero-gasto-en-tres-meses-2470-mdp","status":"publish","type":"post","link":"https:\/\/zonaroja.com.mx\/?p=30244","title":{"rendered":"Registran los SSO crisis financiera\u2026 pero gast\u00f3 en tres meses 2,470 mdp"},"content":{"rendered":"\n<p>Redacci\u00f3n\/Zona Roja.<\/p>\n\n\n\n<p>Oaxaca de Ju\u00e1rez, Oax., 28 de julio de 2021.- Los Servicios de Salud de Oaxaca enfrentan m\u00faltiples denuncias y protestas por adeudos, falta de material y equipamientos.<\/p>\n\n\n\n<p>Sin embargo, de acuerdo con el Poder Legislativo del estado, este a\u00f1o tiene un presupuesto de siete mil 716 millones 613 mil 487 pesos, mil 404 millones de pesos m\u00e1s que el recurso etiquetado en el ejercicio fiscal 2020.<\/p>\n\n\n\n<p>Adem\u00e1s, durante el primer reporte trimestral del 2021 la dependencia report\u00f3 haber devengado dos mil 470 millones 828 mil 475 pesos con 38 centavos, por lo que todav\u00eda cuenta con cinco mil 245 millones 785 mil 29 pesos con 62 centavos por ejecutar.<\/p>\n\n\n\n<p>En un comunicado, la 64 Legislatura cuestion\u00f3 la incapacidad econ\u00f3mica de los Servicios de Salud que encabezan Juan Carlos M\u00e1rquez Heine para atender dichas demandas, que se han traducido en \u201ctoma\u201d de oficinas y paro de labores.<\/p>\n\n\n\n<p>Por ello, demand\u00f3 al Gobierno del Estado garantizar el suministro de insumos y el funcionamiento adecuado de los hospitales que forman parte de la red de estatal.<\/p>\n\n\n\n<p>Mediante un exhorto extern\u00f3 la necesidad de que el Estado garantice el abasto de medicamentos e insumos, as\u00ed como lo necesario para el funcionamiento de los nosocomios instalados en todo el territorio estatal. Esta medida es necesaria ante la saturaci\u00f3n hospitalaria generada por la tercera ola de contagios de la Covid-19.<\/p>\n\n\n\n<p>La Diputaci\u00f3n&nbsp; tambi\u00e9n demand\u00f3 que se instruya al titular de los SSO, Juan Carlos M\u00e1rquez Heine, cumplir con los compromisos econ\u00f3micos adquiridos con proveedores y prestadores de servicios.&nbsp;<\/p>\n\n\n\n<p>Denuncias expuestas por personal del sector salud ante esta representaci\u00f3n popular, se\u00f1alan las condiciones laborales insostenibles en diversos hospitales del Estado, situaci\u00f3n que ha sido manifestada mediante paros de brazos ca\u00eddos.<\/p>\n","protected":false},"excerpt":{"rendered":"<p>Redacci\u00f3n\/Zona Roja. Oaxaca de Ju\u00e1rez, Oax., 28 de julio de 2021.- Los Servicios de Salud&hellip;<\/p>\n","protected":false},"author":2,"featured_media":9515,"comment_status":"closed","ping_status":"open","sticky":false,"template":"","format":"standard","meta":{"_lmt_disableupdate":"","_lmt_disable":"","_jetpack_memberships_contains_paid_content":false,"footnotes":""},"categories":[109,47],"tags":[1005],"class_list":["post-30244","post","type-post","status-publish","format-standard","has-post-thumbnail","hentry","category-minuto-a-minuto","category-zona-gris","tag-servicios-de-salud-de-oaxaca-sso"],"jetpack_featured_media_url":"https:\/\/zonaroja.com.mx\/wp-content\/uploads\/2020\/03\/Servicios-de-Salud-de-Oaxaca.png","jetpack_sharing_enabled":true,"_links":{"self":[{"href":"https:\/\/zonaroja.com.mx\/index.php?rest_route=\/wp\/v2\/posts\/30244","targetHints":{"allow":["GET"]}}],"collection":[{"href":"https:\/\/zonaroja.com.mx\/index.php?rest_route=\/wp\/v2\/posts"}],"about":[{"href":"https:\/\/zonaroja.com.mx\/index.php?rest_route=\/wp\/v2\/types\/post"}],"author":[{"embeddable":true,"href":"https:\/\/zonaroja.com.mx\/index.php?rest_route=\/wp\/v2\/users\/2"}],"replies":[{"embeddable":true,"href":"https:\/\/zonaroja.com.mx\/index.php?rest_route=%2Fwp%2Fv2%2Fcomments&post=30244"}],"version-history":[{"count":1,"href":"https:\/\/zonaroja.com.mx\/index.php?rest_route=\/wp\/v2\/posts\/30244\/revisions"}],"predecessor-version":[{"id":30245,"href":"https:\/\/zonaroja.com.mx\/index.php?rest_route=\/wp\/v2\/posts\/30244\/revisions\/30245"}],"wp:featuredmedia":[{"embeddable":true,"href":"https:\/\/zonaroja.com.mx\/index.php?rest_route=\/wp\/v2\/media\/9515"}],"wp:attachment":[{"href":"https:\/\/zonaroja.com.mx\/index.php?rest_route=%2Fwp%2Fv2%2Fmedia&parent=30244"}],"wp:term":[{"taxonomy":"category","embeddable":true,"href":"https:\/\/zonaroja.com.mx\/index.php?rest_route=%2Fwp%2Fv2%2Fcategories&post=30244"},{"taxonomy":"post_tag","embeddable":true,"href":"https:\/\/zonaroja.com.mx\/index.php?rest_route=%2Fwp%2Fv2%2Ftags&post=30244"}],"curies":[{"name":"wp","href":"https:\/\/api.w.org\/{rel}","templated":true}]}}