{"id":30247,"date":"2021-07-28T13:25:09","date_gmt":"2021-07-28T18:25:09","guid":{"rendered":"https:\/\/www.zonaroja.com.mx\/?p=30247"},"modified":"2021-07-29T06:13:13","modified_gmt":"2021-07-29T11:13:13","slug":"rechaza-mult-regreso-de-triquis-a-tierra-blanca-acusan-a-multi-de-crimenes","status":"publish","type":"post","link":"https:\/\/zonaroja.com.mx\/?p=30247","title":{"rendered":"Rechaza MULT regreso de Triquis a Tierra Blanca; acusan a MULTI de cr\u00edmenes"},"content":{"rendered":"\n<p class=\"MsoNormal\">Evlin Arag\u00f3n\/Zona Roja.&nbsp;<\/p>\n\n\n\n<p class=\"MsoNormal\">Oaxaca de Ju\u00e1rez, Oax., 28 de julio de 2021.-&nbsp;Aunque reconoci\u00f3 que es un derecho humano el que una persona pueda vivir en el lugar que naci\u00f3, el dirigente del Movimiento de Unificaci\u00f3n y Lucha Triqui (MULT), Rogelio Pensamiento Mesinas, asegur\u00f3 que no es tiempo de que las personas desplazadas de Tierra Blanca regresen al poblado.&nbsp;<\/p>\n\n\n\n<p class=\"MsoNormal\">Lo anterior pese a que, desde&nbsp;el lunes por la ma\u00f1ana, partieron decenas de familias acompa\u00f1adas de elementos de la Guardia Nacional y de la Polic\u00eda Estatal a la comunidad, a la cual no pudieron ingresar, por lo que permanecen en Yosoyuxi Copala, lugar en el que ya estuvieron en diciembre pasado, tras su desalojo violento.&nbsp;&nbsp;<\/p>\n\n\n\n<p class=\"MsoNormal\">\u201cMientras est\u00e9n bajo proceso de investigaci\u00f3n no pueden regresar a la comunidad porque ellos no son punto de equilibrio\u201d, dijo en la conferencia de prensa efectuada&nbsp;este mi\u00e9rcoles&nbsp;sobre la calle de Belisario Dom\u00ednguez, a las afueras de la Secretar\u00eda de Seguridad P\u00fablica de Oaxaca.&nbsp;<\/p>\n\n\n\n<p class=\"MsoNormal\">De acuerdo con el dirigente del MULT, es necesaria la atenci\u00f3n de las autoridades a las v\u00edctimas, la aplicaci\u00f3n de la justicia y la reparaci\u00f3n del da\u00f1o por los diferentes hechos violentos registrados en la zona, antes de plantear un retorno a la comunidad de Tierra Blanca Copala, mismo en el que no est\u00e1n de acuerdo.&nbsp;&nbsp;<\/p>\n\n\n\n<p class=\"MsoNormal\">Y es que, indic\u00f3 que el problema de Tierra Blanca se va a resolver \u00fanicamente por medio del di\u00e1logo entre las partes involucradas, tal y como se han resuelto en otras localidades al interior de la zona Triqui, en donde ya existe la intenci\u00f3n de paz por parte de 26 comunidades que ahora buscan el desarrollo de la zona.&nbsp;&nbsp;&nbsp;<\/p>\n\n\n\n<p class=\"MsoNormal\">De ah\u00ed que propuso un plan de trabajo que incluya el llamado permanente a la paz y un presupuesto digno para atender las necesidades que se viven en la naci\u00f3n triqui, ya que actualmente se destinan solo nueve millones de pesos, para atender a 26 comunidades por medio de programas y obras.&nbsp;&nbsp;<\/p>\n\n\n\n<p class=\"MsoNormal\">\u201cNo solamente es Tierra Blanca, abordemos los dem\u00e1s problemas y d\u00e9mosle soluci\u00f3n, no condicionemos la tranquilidad y la paz de la mayor\u00eda de las comunidades. No estamos pidiendo el desarrollo para el MULT sino para toda la naci\u00f3n triqui\u201d, indic\u00f3.&nbsp;<\/p>\n\n\n\n<p class=\"MsoNormal\">Rogelio Pensamiento neg\u00f3 que al interior del MULT se encuentren los asesinos y paramilitares como refieren habitantes de Tierra Blanca, a quienes ret\u00f3 a acudir a las autoridades correspondientes para presentar las denuncias al respecto&nbsp;&nbsp;<\/p>\n\n\n\n<p class=\"MsoNormal\">\u201cSi yo soy un asesino que me pongan la denuncia, pero no se vale decir all\u00e1 est\u00e1n los asesinos, son paramilitares y los que est\u00e1n recibiendo la lana del gobierno son ellos, situaci\u00f3n que es justamente la que distingue a los grupos paramilitares\u201d, sentenci\u00f3 al tiempo que argument\u00f3 que el MULT no recibe recurso por parte de las autoridades.&nbsp;&nbsp;<\/p>\n\n\n\n<p class=\"MsoNormal\">Finalmente, denunci\u00f3 que hay funcionarios del gobierno de Oaxaca metidos en temas de narcotr\u00e1fico y tr\u00e1fico de armas, aunque no dio nombres toda vez que dijo esa informaci\u00f3n se la har\u00e1n de conocimiento al presidente de la Rep\u00fablica, s\u00ed pidi\u00f3 la investigaci\u00f3n por parte de la Unidad de Inteligencia Financiera y la Fiscal\u00eda General de la Rep\u00fablica.  <\/p>\n","protected":false},"excerpt":{"rendered":"<p>Evlin Arag\u00f3n\/Zona Roja.&nbsp; Oaxaca de Ju\u00e1rez, Oax., 28 de julio de 2021.-&nbsp;Aunque reconoci\u00f3 que es&hellip;<\/p>\n","protected":false},"author":2,"featured_media":30278,"comment_status":"closed","ping_status":"open","sticky":false,"template":"","format":"standard","meta":{"_lmt_disableupdate":"","_lmt_disable":"","_jetpack_memberships_contains_paid_content":false,"footnotes":""},"categories":[1],"tags":[],"class_list":["post-30247","post","type-post","status-publish","format-standard","has-post-thumbnail","hentry","category-sin-categoria"],"jetpack_featured_media_url":"https:\/\/zonaroja.com.mx\/wp-content\/uploads\/2021\/07\/Conferencia-de-prensa-MULT-Rogelio-Pensamientos.jpg","jetpack_sharing_enabled":true,"_links":{"self":[{"href":"https:\/\/zonaroja.com.mx\/index.php?rest_route=\/wp\/v2\/posts\/30247","targetHints":{"allow":["GET"]}}],"collection":[{"href":"https:\/\/zonaroja.com.mx\/index.php?rest_route=\/wp\/v2\/posts"}],"about":[{"href":"https:\/\/zonaroja.com.mx\/index.php?rest_route=\/wp\/v2\/types\/post"}],"author":[{"embeddable":true,"href":"https:\/\/zonaroja.com.mx\/index.php?rest_route=\/wp\/v2\/users\/2"}],"replies":[{"embeddable":true,"href":"https:\/\/zonaroja.com.mx\/index.php?rest_route=%2Fwp%2Fv2%2Fcomments&post=30247"}],"version-history":[{"count":1,"href":"https:\/\/zonaroja.com.mx\/index.php?rest_route=\/wp\/v2\/posts\/30247\/revisions"}],"predecessor-version":[{"id":30248,"href":"https:\/\/zonaroja.com.mx\/index.php?rest_route=\/wp\/v2\/posts\/30247\/revisions\/30248"}],"wp:featuredmedia":[{"embeddable":true,"href":"https:\/\/zonaroja.com.mx\/index.php?rest_route=\/wp\/v2\/media\/30278"}],"wp:attachment":[{"href":"https:\/\/zonaroja.com.mx\/index.php?rest_route=%2Fwp%2Fv2%2Fmedia&parent=30247"}],"wp:term":[{"taxonomy":"category","embeddable":true,"href":"https:\/\/zonaroja.com.mx\/index.php?rest_route=%2Fwp%2Fv2%2Fcategories&post=30247"},{"taxonomy":"post_tag","embeddable":true,"href":"https:\/\/zonaroja.com.mx\/index.php?rest_route=%2Fwp%2Fv2%2Ftags&post=30247"}],"curies":[{"name":"wp","href":"https:\/\/api.w.org\/{rel}","templated":true}]}}