{"id":30251,"date":"2021-07-28T16:34:08","date_gmt":"2021-07-28T21:34:08","guid":{"rendered":"http:\/\/www.zonaroja.com.mx\/?p=30251"},"modified":"2021-07-28T16:34:11","modified_gmt":"2021-07-28T21:34:11","slug":"en-24-horas-asesinan-a-balazos-a-dos-mujeres-en-oaxaca","status":"publish","type":"post","link":"https:\/\/zonaroja.com.mx\/?p=30251","title":{"rendered":"En 24 horas, asesinan a balazos a dos mujeres en Oaxaca"},"content":{"rendered":"\n<p>Ismael Garc\u00eda M.\/Zona Roja.<\/p>\n\n\n\n<p>Oaxaca de Ju\u00e1rez, Oax., 28 de julio de 2021.- En un lapso de 24 horas, dos mujeres fueron asesinadas a balazos en Oaxaca.<\/p>\n\n\n\n<p>Un probable feminicidio ocurri\u00f3 esta tarde de mi\u00e9rcoles en el interior de un comedor denominado \u201cAurea\u201d, ubicado a un costado de la carretera Panamericana, jurisdicci\u00f3n del barrio Lieza del municipio de Santo Domingo Tehuantepec.<\/p>\n\n\n\n<p>La mujer presenta varios impactos de arma de fuego y hasta el momento no ha sido identificada; polic\u00edas resguardan la zona en tanto se inician las investigaciones respectivas.<\/p>\n\n\n\n<p>Mientras que ayer por la ma\u00f1ana, en un terreno de cultivo del paraje \u201cMonjas\u201d del municipio de Cuil\u00e1pam de Guerrero, a unos 15 kil\u00f3metros del sur de la capital, fue hallado el cuerpo sin vida de otra femenina.<\/p>\n\n\n\n<p>Hasta ahora no ha sido identificada, pero de manera preliminar se inform\u00f3 que presenta varios impactos de arma de fuego en el cuerpo; vest\u00eda una blusa negra sin mangas, pantal\u00f3n de mezclilla y sandalias; aparenta entre 25 y 30 a\u00f1os de edad.<\/p>\n\n\n\n<p>EJECUTADO EN ISTMO<\/p>\n\n\n\n<p>Por otra parte, la madrugada de este mi\u00e9rcoles fue ejecutado un individuo en el municipio de Santa Mar\u00eda Mixtequilla, en la regi\u00f3n del Istmo de Tehuantepec.<\/p>\n\n\n\n<p>El cuerpo fue hallado en una de las calles del barrio Chino y presentaba varios impactos de arma de fuego en distintas partes; fue identificado de manera preliminar como Roque Bautista, alias \u201cEl Jaibo\u201d, quien fue ultimado a bordo de una motocicleta.<\/p>\n","protected":false},"excerpt":{"rendered":"<p>Ismael Garc\u00eda M.\/Zona Roja. Oaxaca de Ju\u00e1rez, Oax., 28 de julio de 2021.- En un&hellip;<\/p>\n","protected":false},"author":2,"featured_media":30252,"comment_status":"closed","ping_status":"open","sticky":false,"template":"","format":"standard","meta":{"_lmt_disableupdate":"","_lmt_disable":"","_jetpack_memberships_contains_paid_content":false,"footnotes":""},"categories":[109,51],"tags":[610,125],"class_list":["post-30251","post","type-post","status-publish","format-standard","has-post-thumbnail","hentry","category-minuto-a-minuto","category-zona-roja","tag-feminicidios-oaxaca","tag-santo-domingo-tehuantepec"],"jetpack_featured_media_url":"https:\/\/zonaroja.com.mx\/wp-content\/uploads\/2021\/07\/Feminicidio-Tehuantepec-comedor.jpg","jetpack_sharing_enabled":true,"_links":{"self":[{"href":"https:\/\/zonaroja.com.mx\/index.php?rest_route=\/wp\/v2\/posts\/30251","targetHints":{"allow":["GET"]}}],"collection":[{"href":"https:\/\/zonaroja.com.mx\/index.php?rest_route=\/wp\/v2\/posts"}],"about":[{"href":"https:\/\/zonaroja.com.mx\/index.php?rest_route=\/wp\/v2\/types\/post"}],"author":[{"embeddable":true,"href":"https:\/\/zonaroja.com.mx\/index.php?rest_route=\/wp\/v2\/users\/2"}],"replies":[{"embeddable":true,"href":"https:\/\/zonaroja.com.mx\/index.php?rest_route=%2Fwp%2Fv2%2Fcomments&post=30251"}],"version-history":[{"count":1,"href":"https:\/\/zonaroja.com.mx\/index.php?rest_route=\/wp\/v2\/posts\/30251\/revisions"}],"predecessor-version":[{"id":30253,"href":"https:\/\/zonaroja.com.mx\/index.php?rest_route=\/wp\/v2\/posts\/30251\/revisions\/30253"}],"wp:featuredmedia":[{"embeddable":true,"href":"https:\/\/zonaroja.com.mx\/index.php?rest_route=\/wp\/v2\/media\/30252"}],"wp:attachment":[{"href":"https:\/\/zonaroja.com.mx\/index.php?rest_route=%2Fwp%2Fv2%2Fmedia&parent=30251"}],"wp:term":[{"taxonomy":"category","embeddable":true,"href":"https:\/\/zonaroja.com.mx\/index.php?rest_route=%2Fwp%2Fv2%2Fcategories&post=30251"},{"taxonomy":"post_tag","embeddable":true,"href":"https:\/\/zonaroja.com.mx\/index.php?rest_route=%2Fwp%2Fv2%2Ftags&post=30251"}],"curies":[{"name":"wp","href":"https:\/\/api.w.org\/{rel}","templated":true}]}}