{"id":30254,"date":"2021-07-28T17:26:12","date_gmt":"2021-07-28T22:26:12","guid":{"rendered":"http:\/\/www.zonaroja.com.mx\/?p=30254"},"modified":"2021-07-28T17:26:15","modified_gmt":"2021-07-28T22:26:15","slug":"denuncian-que-sinfra-ejecuta-obras-publicas-que-danan-al-medio-ambiente","status":"publish","type":"post","link":"https:\/\/zonaroja.com.mx\/?p=30254","title":{"rendered":"Denuncian que Sinfra ejecuta obras p\u00fablicas que da\u00f1an al medio ambiente"},"content":{"rendered":"\n<p>Evlin Arag\u00f3n\/Zona Roja<\/p>\n\n\n\n<p>Oaxaca de Ju\u00e1rez, Oax., 28 de julio de 2021.- \u201cSe\u00f1or gobernador: solicitamos que el proyecto de la ampliaci\u00f3n a ocho carriles de la avenida S\u00edmbolos Patrios sea incluyente y sustentable con la flora, fauna y ciudadan\u00eda. No a un ecocidio m\u00e1s\u201d.<\/p>\n\n\n\n<p>Fue el contundente mensaje con el que un grupo de ambientalistas se manifest\u00f3 este mi\u00e9rcoles para mostrar su desacuerdo en que la ampliaci\u00f3n de una avenida, en la zona conurbada de Oaxaca, incluya el derribe de m\u00e1s de mil 500 \u00e1rboles, debido a las afectaciones que dicha acci\u00f3n traer\u00eda consigo para el medio ambiente.&nbsp;&nbsp;<\/p>\n\n\n\n<p>Situaci\u00f3n similar a la que sucede en el monumento a la Madre, en la zona poniente, donde una obra cosm\u00e9tica promovida por el gobierno de Alejandro Murat Hinojosa pone en riesgo m\u00e1s de 350 ejemplares, acci\u00f3n que adem\u00e1s no representa ning\u00fan tipo de beneficio para las y los oaxaque\u00f1os.<\/p>\n\n\n\n<p>As\u00ed lo se\u00f1al\u00f3 Nazario Garc\u00eda Ram\u00edrez, integrante del Colectivo de Organizaciones Ambientalistas de Oaxaca (COAO), quien adem\u00e1s explic\u00f3 que no est\u00e1n en contra y mucho menos peleados con el desarrollo, por el contrario, lo que exigen son proyectos incluyentes y sustentables.&nbsp;<\/p>\n\n\n\n<p>MONUMENTO A LA MADRE<\/p>\n\n\n\n<p>Dijo que actualmente buscan conocer el proyecto de ampliaci\u00f3n de la avenida y dar un punto de vista objetivo que pueda ser tomado en cuenta por las autoridades de la Secretar\u00eda de las Infraestructuras y el Ordenamiento Territorial, quienes lamentablemente a\u00fan no los recibe.\u00a0\u00a0<\/p>\n\n\n\n<figure class=\"wp-block-embed-twitter wp-block-embed is-type-rich is-provider-twitter\"><div class=\"wp-block-embed__wrapper\">\n<div class=\"twitter-tweet\"><blockquote class=\"twitter-tweet\" data-lang=\"es\"><p lang=\"es\" dir=\"ltr\"><a href=\"https:\/\/twitter.com\/hashtag\/ENVIVO?src=hash&amp;ref_src=twsrc%5Etfw\">#ENVIVO<\/a><br>Oaxaca de Ju\u00e1rez, Oax., 28 de julio de 2021.- Conferencia de prensa de ambientalistas que se oponen a la ampliaci\u00f3n de la avenida S\u00edmbolos Patrios de la ciudad, que conduce al aeropuerto, porque derribar\u00edan mil 500 \u00e1rboles. <br>Aqu\u00ed la transmisi\u00f3n:<br>\ud83d\udc47<a href=\"https:\/\/t.co\/PR4lYJaRq2\">https:\/\/t.co\/PR4lYJaRq2<\/a><\/p>&mdash; Zona Roja Oaxaca (@Zona_Roja_Oax) <a href=\"https:\/\/twitter.com\/Zona_Roja_Oax\/status\/1420405842474635266?ref_src=twsrc%5Etfw\">28 de julio de 2021<\/a><\/blockquote><\/div>\n<\/div><\/figure>\n\n\n\n<p>As\u00ed mismo, refiri\u00f3 que el calentamiento global ya est\u00e1 causando graves estragos en las grandes ciudades europeas, como se ha visto recientemente a trav\u00e9s de las redes sociales, situaci\u00f3n que deber\u00eda de servir como ejemplo de los da\u00f1os que traen la obras que no contemplan el cuidado del arbolado urbano.&nbsp;<\/p>\n\n\n\n<p>Las protestas por parte de los grupos ambientalistas han sido una constante en fechas recientes, apenas el pasado 19 de julio, habitantes de la agencia de Santa Rosa Panzacola y colonias aleda\u00f1as se manifestaron para denunciar la tala de \u00e1rboles y la intenci\u00f3n de privatizar el Monumento a la Madre.<\/p>\n\n\n\n<p>\u201cCiudadanos en defensa del Monumento a la Madre\u201d y \u201cNo a la adjudicaci\u00f3n indebida del predio del Monumento a la Madre\u201d, fueron parte de las consignas que se pod\u00edan ver las cartulinas que portaron, como parte de su protesta.&nbsp;<\/p>\n\n\n\n<p>LIBRAMIENTO SUR<\/p>\n\n\n\n<p>Mientras que habitantes de Reyes Mantec\u00f3n se manifestaron en contra del proyecto del Libramiento Sur que propone el gobierno de Oaxaca, raz\u00f3n por la que exigen la realizaci\u00f3n de una consulta al pueblo que, a todas luces, se ver\u00e1 perjudicado con la obra.&nbsp;&nbsp;<\/p>\n\n\n\n<p>As\u00ed lo expuso recientemente Florentino S\u00e1nchez Bautista, suplente del presidente del Consejo de Vigilancia del Comisariado Ejidal, quien indic\u00f3 que la comunidad tiene claro el NO rotundo al libramiento y est\u00e1n dispuestos a encabezar la lucha en defensa de su territorio.&nbsp;&nbsp;<\/p>\n\n\n\n<p>En este sentido, explic\u00f3 que la obra planteada por las autoridades estatales fragmentaria el manantial de agua que abastece desde hace a\u00f1os a la comunidad, adem\u00e1s que afectar\u00eda la zona que por m\u00e1s de 45 a\u00f1os han reforestado con esfuerzos propios.&nbsp;&nbsp;<\/p>\n","protected":false},"excerpt":{"rendered":"<p>Evlin Arag\u00f3n\/Zona Roja Oaxaca de Ju\u00e1rez, Oax., 28 de julio de 2021.- \u201cSe\u00f1or gobernador: solicitamos&hellip;<\/p>\n","protected":false},"author":2,"featured_media":30255,"comment_status":"closed","ping_status":"open","sticky":false,"template":"","format":"standard","meta":{"_lmt_disableupdate":"","_lmt_disable":"","_jetpack_memberships_contains_paid_content":false,"footnotes":""},"categories":[109,47],"tags":[1915],"class_list":["post-30254","post","type-post","status-publish","format-standard","has-post-thumbnail","hentry","category-minuto-a-minuto","category-zona-gris","tag-secretaria-de-las-infraestructuras-y-ordenamiento-territorial-sinfra"],"jetpack_featured_media_url":"https:\/\/zonaroja.com.mx\/wp-content\/uploads\/2021\/07\/Conferencia-ambientalistas-avenida-Simbolos-Patrios.jpg","jetpack_sharing_enabled":true,"_links":{"self":[{"href":"https:\/\/zonaroja.com.mx\/index.php?rest_route=\/wp\/v2\/posts\/30254","targetHints":{"allow":["GET"]}}],"collection":[{"href":"https:\/\/zonaroja.com.mx\/index.php?rest_route=\/wp\/v2\/posts"}],"about":[{"href":"https:\/\/zonaroja.com.mx\/index.php?rest_route=\/wp\/v2\/types\/post"}],"author":[{"embeddable":true,"href":"https:\/\/zonaroja.com.mx\/index.php?rest_route=\/wp\/v2\/users\/2"}],"replies":[{"embeddable":true,"href":"https:\/\/zonaroja.com.mx\/index.php?rest_route=%2Fwp%2Fv2%2Fcomments&post=30254"}],"version-history":[{"count":1,"href":"https:\/\/zonaroja.com.mx\/index.php?rest_route=\/wp\/v2\/posts\/30254\/revisions"}],"predecessor-version":[{"id":30256,"href":"https:\/\/zonaroja.com.mx\/index.php?rest_route=\/wp\/v2\/posts\/30254\/revisions\/30256"}],"wp:featuredmedia":[{"embeddable":true,"href":"https:\/\/zonaroja.com.mx\/index.php?rest_route=\/wp\/v2\/media\/30255"}],"wp:attachment":[{"href":"https:\/\/zonaroja.com.mx\/index.php?rest_route=%2Fwp%2Fv2%2Fmedia&parent=30254"}],"wp:term":[{"taxonomy":"category","embeddable":true,"href":"https:\/\/zonaroja.com.mx\/index.php?rest_route=%2Fwp%2Fv2%2Fcategories&post=30254"},{"taxonomy":"post_tag","embeddable":true,"href":"https:\/\/zonaroja.com.mx\/index.php?rest_route=%2Fwp%2Fv2%2Ftags&post=30254"}],"curies":[{"name":"wp","href":"https:\/\/api.w.org\/{rel}","templated":true}]}}