{"id":30257,"date":"2021-07-28T17:39:44","date_gmt":"2021-07-28T22:39:44","guid":{"rendered":"http:\/\/www.zonaroja.com.mx\/?p=30257"},"modified":"2021-07-28T17:39:47","modified_gmt":"2021-07-28T22:39:47","slug":"se-frustra-regreso-de-triquis-a-tierra-blanca-copala-culpan-al-mult","status":"publish","type":"post","link":"https:\/\/zonaroja.com.mx\/?p=30257","title":{"rendered":"Se frustra regreso de Triquis a Tierra Blanca Copala; culpan al MULT"},"content":{"rendered":"\n<p>Ismael Garc\u00eda M.\/Zona Roja.<\/p>\n\n\n\n<p>Oaxaca de Ju\u00e1rez, Oax., 28 de julio de 2021.- El Movimiento de Unificaci\u00f3n y Lucha Triqui Independiente (MULTI) denunci\u00f3 que el retorno a Tierra Blanca Copala se frustr\u00f3 y culp\u00f3 al MULT de ello.<\/p>\n\n\n\n<p>Desde el lunes por la ma\u00f1ana partieron de la capital del estado, donde se encontraban 137 familias desplazadas &#8211;seg\u00fan la versi\u00f3n oficial&#8211; desde hace m\u00e1s de seis meses, hacia la zona triqui de la Mixteca oaxaque\u00f1a.<\/p>\n\n\n\n<p>Pero \u00fanicamente llegaron esa misma noche a Yosoyuxi Copala, donde se encuentra un albergue desde hace meses; ayer pretend\u00edan ingresar a Tierra Blanca, Santiago Juxtlahuaca, pero les fue impedido el retorno.<\/p>\n\n\n\n<p>\u201cEl d\u00eda de ayer se dar\u00eda paso a la tercera fase del protocolo de retorno, la cual consta del reingreso de las 143 familias desplazadas a su lugar de origen.<\/p>\n\n\n\n<p>\u00abSin embargo, esto se vio frustrado ya que, a la poblaci\u00f3n, mientras ingresaban los desplazados junto con el cuerpo de seguridad acordado, acudi\u00f3 la diputada federal suplente y dirigente del grupo paramilitar MULT, argumentando que no exist\u00edan acuerdos para permitir el ingreso de las personas, por lo que bloquearon el paso con una cadena y una decena de personas, militantes de este grupo paramilitar.<\/p>\n\n\n\n<p>\u201cFueron horas de tensi\u00f3n y angustia por parte de los compa\u00f1eros que anhelaban regresar a su lugar de origen, pero que este grupo no les permiti\u00f3 el paso, adem\u00e1s de que rode\u00f3 a todo el contingente con grupos paramilitares fuertemente armados; a pesar de que, seg\u00fan las versiones del gobierno federal y estatal ya exist\u00edan los acuerdos necesarios para el retorno.<\/p>\n\n\n\n<figure class=\"wp-block-embed-twitter wp-block-embed is-type-rich is-provider-twitter\"><div class=\"wp-block-embed__wrapper\">\n<div class=\"twitter-tweet\"><blockquote class=\"twitter-tweet\" data-lang=\"es\"><p lang=\"es\" dir=\"ltr\"><a href=\"https:\/\/twitter.com\/hashtag\/%C3%9AltimoMinuto?src=hash&amp;ref_src=twsrc%5Etfw\">#\u00daltimoMinuto<\/a> <br>Denuncien integrantes del <a href=\"https:\/\/twitter.com\/MULTI_Oficial1?ref_src=twsrc%5Etfw\">@MULTI_Oficial1<\/a>, que por oposici\u00f3n del MULT que encabeza el profesor Rogelio Pensamiento Mesinas, se frustra el ingreso a Tierra Blanca Copala; quedan igual que hace seis meses en que fueron desplazados. <a href=\"https:\/\/t.co\/jebHr1OniV\">pic.twitter.com\/jebHr1OniV<\/a><\/p>&mdash; Zona Roja Oaxaca (@Zona_Roja_Oax) <a href=\"https:\/\/twitter.com\/Zona_Roja_Oax\/status\/1420505903187431425?ref_src=twsrc%5Etfw\">28 de julio de 2021<\/a><\/blockquote><\/div>\n<\/div><\/figure>\n\n\n\n<p>\u201cAl filo de las 9:00 pm las personas volvieron a Yosoyuxi Copala, en donde se mantienen resguardados hasta este momento\u201d, expuso el MULTI en un comunicado.<\/p>\n\n\n\n<p>Los desplazados demandaron al gobierno de Oaxaca y al gobierno federal, que no caigan en chantajes \u201cde este grupo criminal ni de sus l\u00edderes con ambiciones personales, y que hagan que se aplique el estado de derecho, adem\u00e1s que se deben cumplir los compromisos asumidos por todas las partes involucradas\u201d.<\/p>\n\n\n\n<p>Responsabilizaron adem\u00e1s a la diptuada federal Beatriz P\u00e9rez L\u00f3pez, por distrito de Tlaxiaco, por mandar a operar Emelia Ortiz, diputada federal suplente, para entorpecer el proceso de retorno de las familias desplazadas de Tierra Blanca, \u201cas\u00ed como de todo lo que pueda ocurrir en este proceso de retorno\u201d,<\/p>\n\n\n\n<p>As\u00ed tambi\u00e9n al Movimiento de Unificaci\u00f3n y Lucha Triqui (MULT) \u201cya que han estado obstaculizando todo el proceso y no permiten que entre la seguridad ni el ingreso a Tierra Blanca.<\/p>\n","protected":false},"excerpt":{"rendered":"<p>Ismael Garc\u00eda M.\/Zona Roja. Oaxaca de Ju\u00e1rez, Oax., 28 de julio de 2021.- El Movimiento&hellip;<\/p>\n","protected":false},"author":2,"featured_media":30258,"comment_status":"closed","ping_status":"open","sticky":false,"template":"","format":"standard","meta":{"_lmt_disableupdate":"","_lmt_disable":"","_jetpack_memberships_contains_paid_content":false,"footnotes":""},"categories":[109,47],"tags":[1712],"class_list":["post-30257","post","type-post","status-publish","format-standard","has-post-thumbnail","hentry","category-minuto-a-minuto","category-zona-gris","tag-tierra-blanca-copala"],"jetpack_featured_media_url":"https:\/\/zonaroja.com.mx\/wp-content\/uploads\/2021\/07\/Retorno-a-Tierra-Blanca-Copala-triquis.jpg","jetpack_sharing_enabled":true,"_links":{"self":[{"href":"https:\/\/zonaroja.com.mx\/index.php?rest_route=\/wp\/v2\/posts\/30257","targetHints":{"allow":["GET"]}}],"collection":[{"href":"https:\/\/zonaroja.com.mx\/index.php?rest_route=\/wp\/v2\/posts"}],"about":[{"href":"https:\/\/zonaroja.com.mx\/index.php?rest_route=\/wp\/v2\/types\/post"}],"author":[{"embeddable":true,"href":"https:\/\/zonaroja.com.mx\/index.php?rest_route=\/wp\/v2\/users\/2"}],"replies":[{"embeddable":true,"href":"https:\/\/zonaroja.com.mx\/index.php?rest_route=%2Fwp%2Fv2%2Fcomments&post=30257"}],"version-history":[{"count":1,"href":"https:\/\/zonaroja.com.mx\/index.php?rest_route=\/wp\/v2\/posts\/30257\/revisions"}],"predecessor-version":[{"id":30259,"href":"https:\/\/zonaroja.com.mx\/index.php?rest_route=\/wp\/v2\/posts\/30257\/revisions\/30259"}],"wp:featuredmedia":[{"embeddable":true,"href":"https:\/\/zonaroja.com.mx\/index.php?rest_route=\/wp\/v2\/media\/30258"}],"wp:attachment":[{"href":"https:\/\/zonaroja.com.mx\/index.php?rest_route=%2Fwp%2Fv2%2Fmedia&parent=30257"}],"wp:term":[{"taxonomy":"category","embeddable":true,"href":"https:\/\/zonaroja.com.mx\/index.php?rest_route=%2Fwp%2Fv2%2Fcategories&post=30257"},{"taxonomy":"post_tag","embeddable":true,"href":"https:\/\/zonaroja.com.mx\/index.php?rest_route=%2Fwp%2Fv2%2Ftags&post=30257"}],"curies":[{"name":"wp","href":"https:\/\/api.w.org\/{rel}","templated":true}]}}