{"id":30265,"date":"2021-07-28T22:07:07","date_gmt":"2021-07-29T03:07:07","guid":{"rendered":"http:\/\/www.zonaroja.com.mx\/?p=30265"},"modified":"2021-07-28T22:07:10","modified_gmt":"2021-07-29T03:07:10","slug":"oidos-sordos-tambien-de-edil-hacia-boleros-los-manda-de-ambulantes","status":"publish","type":"post","link":"https:\/\/zonaroja.com.mx\/?p=30265","title":{"rendered":"O\u00eddos sordos tambi\u00e9n de edil hacia boleros; los manda de ambulantes"},"content":{"rendered":"\n<p>Ismael Garc\u00eda M.\/Zona Roja.<\/p>\n\n\n\n<p>Oaxaca de Ju\u00e1rez, Oax., 28 de julio de 2021.- \u201cEn los 37 a\u00f1os que tengo de estar trabajando, jam\u00e1s me hab\u00eda pasado esto, que nos echaran del z\u00f3calo. Para colmo, la autoridad municipal se niega a escucharnos, a recibirnos, a darnos una respuesta\u201d.<\/p>\n\n\n\n<p>Eso dice don Francisco Ram\u00edrez, dirigente de la Uni\u00f3n de Aseadores de Calzado de la ciudad de Oaxaca, con cuyos compa\u00f1eros lleva ya 10 d\u00edas sin poder ingresar a su lugar de trabajo, el z\u00f3calo y la Alameda de Le\u00f3n.<\/p>\n\n\n\n<p>Son alrededor de 77 boleros establecidos formalmente en el Centro Hist\u00f3rico desde hace unas ocho d\u00e9cadas, pero que fueron desalojados hace casi dos semanas de dicho espacio, bajo el argumento de impedir la instalaci\u00f3n de ambulantes.<\/p>\n\n\n\n<p>\u201cNo hemos tenido ninguna reuni\u00f3n, porque simplemente no hemos tenido respuesta. Simplemente queremos preguntarle al presidente municipal por qu\u00e9 motivo no nos ha dejado pasar al z\u00f3calo\u201d, explica en conferencia de prensa.<\/p>\n\n\n\n<p>Reconoce que los agremiados a su organizaci\u00f3n paga cada uno anualmente entre mil 200 y mil 700, sin embargo, desde hace m\u00e1s de dos a\u00f1os se gestion\u00f3 pagar pero les ped\u00edan un acta constitutiva, misma que est\u00e1 en proceso, por lo cual no se pudo pagar.<\/p>\n\n\n\n<p>\u201cSiempre hemos estado al corriente, no nos negamos; pero que nos liberen las \u00f3rdenes de pago\u201d, expone.<\/p>\n\n\n\n<p>A\u00f1ade que la Uni\u00f3n de Aseadores no tomar\u00e1 ninguna acci\u00f3n ajena al di\u00e1logo respetuoso con las autoridades.<\/p>\n\n\n\n<p>\u201cDe la manera m\u00e1s humilde y atenta, que el presidente municipal nos regrese al lugar de trabajo\u201d, dice el hombre que, junto con varios de sus compa\u00f1eros, fue orillado a instalarse en banquetas de las calles. \u201cLo \u00fanico que pedimos es una explicaci\u00f3n por qu\u00e9 no nos han dejado laborar\u201d, expone.<\/p>\n","protected":false},"excerpt":{"rendered":"<p>Ismael Garc\u00eda M.\/Zona Roja. Oaxaca de Ju\u00e1rez, Oax., 28 de julio de 2021.- \u201cEn los&hellip;<\/p>\n","protected":false},"author":2,"featured_media":30266,"comment_status":"closed","ping_status":"open","sticky":false,"template":"","format":"standard","meta":{"_lmt_disableupdate":"","_lmt_disable":"","_jetpack_memberships_contains_paid_content":false,"footnotes":""},"categories":[109,47],"tags":[2315],"class_list":["post-30265","post","type-post","status-publish","format-standard","has-post-thumbnail","hentry","category-minuto-a-minuto","category-zona-gris","tag-ayuntamiento-de-oaxaca-de-juarez"],"jetpack_featured_media_url":"https:\/\/zonaroja.com.mx\/wp-content\/uploads\/2021\/07\/Boleros-Oaxaca-en-la-calle.jpg","jetpack_sharing_enabled":true,"_links":{"self":[{"href":"https:\/\/zonaroja.com.mx\/index.php?rest_route=\/wp\/v2\/posts\/30265","targetHints":{"allow":["GET"]}}],"collection":[{"href":"https:\/\/zonaroja.com.mx\/index.php?rest_route=\/wp\/v2\/posts"}],"about":[{"href":"https:\/\/zonaroja.com.mx\/index.php?rest_route=\/wp\/v2\/types\/post"}],"author":[{"embeddable":true,"href":"https:\/\/zonaroja.com.mx\/index.php?rest_route=\/wp\/v2\/users\/2"}],"replies":[{"embeddable":true,"href":"https:\/\/zonaroja.com.mx\/index.php?rest_route=%2Fwp%2Fv2%2Fcomments&post=30265"}],"version-history":[{"count":1,"href":"https:\/\/zonaroja.com.mx\/index.php?rest_route=\/wp\/v2\/posts\/30265\/revisions"}],"predecessor-version":[{"id":30267,"href":"https:\/\/zonaroja.com.mx\/index.php?rest_route=\/wp\/v2\/posts\/30265\/revisions\/30267"}],"wp:featuredmedia":[{"embeddable":true,"href":"https:\/\/zonaroja.com.mx\/index.php?rest_route=\/wp\/v2\/media\/30266"}],"wp:attachment":[{"href":"https:\/\/zonaroja.com.mx\/index.php?rest_route=%2Fwp%2Fv2%2Fmedia&parent=30265"}],"wp:term":[{"taxonomy":"category","embeddable":true,"href":"https:\/\/zonaroja.com.mx\/index.php?rest_route=%2Fwp%2Fv2%2Fcategories&post=30265"},{"taxonomy":"post_tag","embeddable":true,"href":"https:\/\/zonaroja.com.mx\/index.php?rest_route=%2Fwp%2Fv2%2Ftags&post=30265"}],"curies":[{"name":"wp","href":"https:\/\/api.w.org\/{rel}","templated":true}]}}