{"id":30279,"date":"2021-07-29T07:26:55","date_gmt":"2021-07-29T12:26:55","guid":{"rendered":"http:\/\/www.zonaroja.com.mx\/?p=30279"},"modified":"2021-07-29T07:52:50","modified_gmt":"2021-07-29T12:52:50","slug":"se-llamaba-laura-y-tenia-22-anos-la-mujer-asesinada-en-cuilapam","status":"publish","type":"post","link":"https:\/\/zonaroja.com.mx\/?p=30279","title":{"rendered":"Se llamaba Laura y ten\u00eda 28 a\u00f1os, la mujer asesinada en Cuil\u00e1pam"},"content":{"rendered":"\n<p>Redacci\u00f3n\/Zona Roja.<\/p>\n\n\n\n<p>Oaxaca de Ju\u00e1rez, Oax., 29 de julio de 2021.- Como Laura Paulina C. J., de 28 a\u00f1os de edad, fue identificada la joven cuyo cuerpo sin vida fue hallado el pasado martes por la ma\u00f1ana en jurisdicci\u00f3n de Cuil\u00e1pam de Guerrero, Oaxaca.<\/p>\n\n\n\n<p>La v\u00edctima fue identificada ayer por sus familiares, al acudir al Instituto de Servicios Periciales de la Fiscal\u00eda General del Estado; corroboraron que la joven era empleada y hab\u00eda salido de su domicilio en San Juan Chapultepec, Oaxaca de Ju\u00e1rez, desde hace d\u00edas.<\/p>\n\n\n\n<p>El cuerpo de Laura fue localizado poco despu\u00e9s de las seis de la ma\u00f1ana en un terreno de cultivo del paraje \u201cMonjas\u201d del municipio de Cuil\u00e1pam de Guerrero, a unos 15 kil\u00f3metros al sur de la capital.<\/p>\n\n\n\n<p>Presentaba dos impactos de arma de fuego y encima de ella fue hallada una cartulina donde presuntamente la acusan de quedarse con una cantidad de dinero.<\/p>\n\n\n\n<p>La Fiscal\u00eda General del Estado mantiene abierta la Carpeta de Investigaci\u00f3n 24789\/FMUJ\/UFEM\/2021 bajo el delito de feminicidio, entre otros.<\/p>\n","protected":false},"excerpt":{"rendered":"<p>Redacci\u00f3n\/Zona Roja. Oaxaca de Ju\u00e1rez, Oax., 29 de julio de 2021.- Como Laura Paulina C.&hellip;<\/p>\n","protected":false},"author":2,"featured_media":30280,"comment_status":"closed","ping_status":"open","sticky":false,"template":"","format":"standard","meta":{"_lmt_disableupdate":"","_lmt_disable":"","_jetpack_memberships_contains_paid_content":false,"footnotes":""},"categories":[109,51],"tags":[1719,610],"class_list":["post-30279","post","type-post","status-publish","format-standard","has-post-thumbnail","hentry","category-minuto-a-minuto","category-zona-roja","tag-cuilapam-de-guerrero","tag-feminicidios-oaxaca"],"jetpack_featured_media_url":"https:\/\/zonaroja.com.mx\/wp-content\/uploads\/2021\/07\/Mujer-asesinada-Cuilapam.jpg","jetpack_sharing_enabled":true,"_links":{"self":[{"href":"https:\/\/zonaroja.com.mx\/index.php?rest_route=\/wp\/v2\/posts\/30279","targetHints":{"allow":["GET"]}}],"collection":[{"href":"https:\/\/zonaroja.com.mx\/index.php?rest_route=\/wp\/v2\/posts"}],"about":[{"href":"https:\/\/zonaroja.com.mx\/index.php?rest_route=\/wp\/v2\/types\/post"}],"author":[{"embeddable":true,"href":"https:\/\/zonaroja.com.mx\/index.php?rest_route=\/wp\/v2\/users\/2"}],"replies":[{"embeddable":true,"href":"https:\/\/zonaroja.com.mx\/index.php?rest_route=%2Fwp%2Fv2%2Fcomments&post=30279"}],"version-history":[{"count":3,"href":"https:\/\/zonaroja.com.mx\/index.php?rest_route=\/wp\/v2\/posts\/30279\/revisions"}],"predecessor-version":[{"id":30289,"href":"https:\/\/zonaroja.com.mx\/index.php?rest_route=\/wp\/v2\/posts\/30279\/revisions\/30289"}],"wp:featuredmedia":[{"embeddable":true,"href":"https:\/\/zonaroja.com.mx\/index.php?rest_route=\/wp\/v2\/media\/30280"}],"wp:attachment":[{"href":"https:\/\/zonaroja.com.mx\/index.php?rest_route=%2Fwp%2Fv2%2Fmedia&parent=30279"}],"wp:term":[{"taxonomy":"category","embeddable":true,"href":"https:\/\/zonaroja.com.mx\/index.php?rest_route=%2Fwp%2Fv2%2Fcategories&post=30279"},{"taxonomy":"post_tag","embeddable":true,"href":"https:\/\/zonaroja.com.mx\/index.php?rest_route=%2Fwp%2Fv2%2Ftags&post=30279"}],"curies":[{"name":"wp","href":"https:\/\/api.w.org\/{rel}","templated":true}]}}