{"id":30290,"date":"2021-07-29T08:02:24","date_gmt":"2021-07-29T13:02:24","guid":{"rendered":"http:\/\/www.zonaroja.com.mx\/?p=30290"},"modified":"2021-07-29T08:02:27","modified_gmt":"2021-07-29T13:02:27","slug":"exhorta-congreso-local-a-los-sso-y-municipios-evitar-actos-masivos","status":"publish","type":"post","link":"https:\/\/zonaroja.com.mx\/?p=30290","title":{"rendered":"Exhorta Congreso local a los SSO y municipios evitar actos masivos"},"content":{"rendered":"\n<p>Redacci\u00f3n\/Zona Roja.<\/p>\n\n\n\n<p>Oaxaca de Ju\u00e1rez, Oax., 29 de julio de 2021.- A propuesta del diputado Horacio Sosa Villavicencio, el pleno de la 64 Legislatura del Congreso de Oaxaca aprob\u00f3 una propuesta para solicitar a las autoridades de los 570 municipios y al Gobierno del Estado, detener y evitar el incremento de contagios por Covid-19 en la entidad.<\/p>\n\n\n\n<p>Mediante un exhorto aprobado de urgente y obvia resoluci\u00f3n, demand\u00f3 a los ayuntamientos de la entidad, que en el \u00e1mbito de sus competencias, procuren evitar la realizaci\u00f3n de fiestas, celebraciones o actividades que provoquen alta concentraci\u00f3n de personas, con el fin de garantizar la seguridad y la vida de la poblaci\u00f3n.<\/p>\n\n\n\n<p>Tambi\u00e9n, al Gobernador del Estado, Alejandro Murat Hinojosa, para que instruya a todas las dependencias del Poder Ejecutivo, principalmente a los Servicios de Salud de Oaxaca (SSO) a fin de que eviten la realizaci\u00f3n de actividades que impliquen reuniones masivas.<\/p>\n\n\n\n<p>\u201cEs muy importante exhortar a los 570 municipios, al Gobernador del Estado, para que no permitan la realizaci\u00f3n de reuniones, fiestas masivas; hoy tenemos que privilegiar la vida del pueblo de Oaxaca; es muy importante.<\/p>\n\n\n\n<p>\u201cHemos escuchado el anuncio que hizo el Presidente de la Rep\u00fablica, donde la Secretar\u00eda de Marina va a apoyar en el tema de la vacunaci\u00f3n.<\/p>\n\n\n\n<figure class=\"wp-block-embed-twitter wp-block-embed is-type-rich is-provider-twitter\"><div class=\"wp-block-embed__wrapper\">\n<div class=\"twitter-tweet\"><blockquote class=\"twitter-tweet\" data-lang=\"es\"><p lang=\"es\" dir=\"ltr\"><a href=\"https:\/\/twitter.com\/hashtag\/%C3%9AltimoMinuto?src=hash&amp;ref_src=twsrc%5Etfw\">#\u00daltimoMinuto<\/a><br>Ante la tercera ola de contagios por Covid-19 que vive <a href=\"https:\/\/twitter.com\/hashtag\/Oaxaca?src=hash&amp;ref_src=twsrc%5Etfw\">#Oaxaca<\/a>, el diputado por Morena, <a href=\"https:\/\/twitter.com\/HoracioSosaOax?ref_src=twsrc%5Etfw\">@HoracioSosaOax<\/a>, plante\u00f3 exhortar a las autoridades estatales y municipales evitar reuniones masivas y privilegiar el cuidado de la salud; el acuerdo fue aprobado con 32votos. <a href=\"https:\/\/t.co\/j7YpME85wx\">pic.twitter.com\/j7YpME85wx<\/a><\/p>&mdash; Zona Roja Oaxaca (@Zona_Roja_Oax) <a href=\"https:\/\/twitter.com\/Zona_Roja_Oax\/status\/1420575001074311173?ref_src=twsrc%5Etfw\">29 de julio de 2021<\/a><\/blockquote><\/div>\n<\/div><\/figure>\n\n\n\n<p>\u201cPor eso exhortamos a que hagan lo mismo, a que trabajen, a que sean responsables y vigilen la salud y la vida de sus gobernados\u201d, dijo Sosa Villavicencio.<\/p>\n\n\n\n<p>Lo anterior, porque la tercera ola de contagios de Covid-19, ha dejado un incremento de m\u00e1s de 10 veces el n\u00famero de casos, y el cambio de sem\u00e1foro epidemiol\u00f3gico del color verde a naranja en menos de una semana.<\/p>\n\n\n\n<p>La Secretar\u00eda de Salud de Oaxaca expuso que el repunte de casos se atribuye a la relajaci\u00f3n en las medidas de prevenci\u00f3n por parte de la poblaci\u00f3n y ayuntamientos, y al exceso de confianza de la vacunaci\u00f3n en personas mayores de 60 a\u00f1os de edad.<\/p>\n\n\n\n<p>Asimismo, la representaci\u00f3n popular llam\u00f3 a la poblaci\u00f3n oaxaque\u00f1a, a reforzar la seguridad frente a la pandemia por el coronavirus y evitar cualquier tipo de actividades o celebraciones que impliquen la reuni\u00f3n masiva de personas.<\/p>\n","protected":false},"excerpt":{"rendered":"<p>Redacci\u00f3n\/Zona Roja. Oaxaca de Ju\u00e1rez, Oax., 29 de julio de 2021.- A propuesta del diputado&hellip;<\/p>\n","protected":false},"author":2,"featured_media":30291,"comment_status":"closed","ping_status":"open","sticky":false,"template":"","format":"standard","meta":{"_lmt_disableupdate":"","_lmt_disable":"","_jetpack_memberships_contains_paid_content":false,"footnotes":""},"categories":[109,47],"tags":[444],"class_list":["post-30290","post","type-post","status-publish","format-standard","has-post-thumbnail","hentry","category-minuto-a-minuto","category-zona-gris","tag-horacio-sosa-villavicencio"],"jetpack_featured_media_url":"https:\/\/zonaroja.com.mx\/wp-content\/uploads\/2021\/07\/Horacio-Sosa-V..jpg","jetpack_sharing_enabled":true,"_links":{"self":[{"href":"https:\/\/zonaroja.com.mx\/index.php?rest_route=\/wp\/v2\/posts\/30290","targetHints":{"allow":["GET"]}}],"collection":[{"href":"https:\/\/zonaroja.com.mx\/index.php?rest_route=\/wp\/v2\/posts"}],"about":[{"href":"https:\/\/zonaroja.com.mx\/index.php?rest_route=\/wp\/v2\/types\/post"}],"author":[{"embeddable":true,"href":"https:\/\/zonaroja.com.mx\/index.php?rest_route=\/wp\/v2\/users\/2"}],"replies":[{"embeddable":true,"href":"https:\/\/zonaroja.com.mx\/index.php?rest_route=%2Fwp%2Fv2%2Fcomments&post=30290"}],"version-history":[{"count":1,"href":"https:\/\/zonaroja.com.mx\/index.php?rest_route=\/wp\/v2\/posts\/30290\/revisions"}],"predecessor-version":[{"id":30292,"href":"https:\/\/zonaroja.com.mx\/index.php?rest_route=\/wp\/v2\/posts\/30290\/revisions\/30292"}],"wp:featuredmedia":[{"embeddable":true,"href":"https:\/\/zonaroja.com.mx\/index.php?rest_route=\/wp\/v2\/media\/30291"}],"wp:attachment":[{"href":"https:\/\/zonaroja.com.mx\/index.php?rest_route=%2Fwp%2Fv2%2Fmedia&parent=30290"}],"wp:term":[{"taxonomy":"category","embeddable":true,"href":"https:\/\/zonaroja.com.mx\/index.php?rest_route=%2Fwp%2Fv2%2Fcategories&post=30290"},{"taxonomy":"post_tag","embeddable":true,"href":"https:\/\/zonaroja.com.mx\/index.php?rest_route=%2Fwp%2Fv2%2Ftags&post=30290"}],"curies":[{"name":"wp","href":"https:\/\/api.w.org\/{rel}","templated":true}]}}