{"id":30301,"date":"2021-07-29T15:18:19","date_gmt":"2021-07-29T20:18:19","guid":{"rendered":"http:\/\/www.zonaroja.com.mx\/?p=30301"},"modified":"2021-07-29T15:18:23","modified_gmt":"2021-07-29T20:18:23","slug":"la-aei-asesino-a-guardia-nacional-no-fue-por-enfrentamiento-esposa","status":"publish","type":"post","link":"https:\/\/zonaroja.com.mx\/?p=30301","title":{"rendered":"La AEI asesin\u00f3 a Guardia Nacional; no fue por enfrentamiento: esposa"},"content":{"rendered":"\n<p>Evlin Arag\u00f3n\/Zona Roja.<\/p>\n\n\n\n<p>Oaxaca de Ju\u00e1rez, Oax., 29 de julio de 2021.- \u201cYo le dec\u00eda a mi esposo: en las corporaciones ustedes los polic\u00edas, ustedes los funcionarios, dan la vida por su camiseta, pero el d\u00eda en que no est\u00e9n, el d\u00eda que no est\u00e9s vas a ser una estad\u00edstica m\u00e1s. Y no me equivoque, as\u00ed es\u201d.&nbsp;<\/p>\n\n\n\n<p>Son las palabras de Mar\u00eda Elena L\u00f3pez Valle, c\u00f3nyuge de Daniel Garc\u00eda Tejeda, elemento de la Guardia Nacional que muri\u00f3 tras un evento armado, registrado el pasado 7 de julio, y del que a\u00fan no hay versi\u00f3n oficial por parte de las autoridades estatales y federales.&nbsp;<\/p>\n\n\n\n<p>A Daniel no le rindieron honores en su corporaci\u00f3n, aunque su esposa asegur\u00f3 que muri\u00f3 cumpliendo con su deber, en horas de servicio, portando el uniforme y el arma que no tuvo tiempo de accionar, por lo que advirti\u00f3 se trat\u00f3 de un homicidio calificado.&nbsp;<\/p>\n\n\n\n<p>\u201cSi debieron o no rendirle honores a mi esposo en la Guardia Nacional eso no lo s\u00e9, no puedo hablar por ellos. El honor se lo brindo yo y precisamente por eso estoy aqu\u00ed exigiendo justicia y castigo a los responsables de su homicidio calificado\u201d, dijo Mar\u00eda Elena en conferencia de prensa en la capital.&nbsp;<\/p>\n\n\n\n<p>Fue la tarde del 7 de julio en que tras la detenci\u00f3n de presuntos secuestradores y liberaci\u00f3n de un plagiado, elementos de la Agencia Estatal de Investigaciones (AEI), de la Fiscal\u00eda General del Estado, as\u00ed como de la Unidad Antisecuestro, enfrentaron a los supuestos infractores y donde cay\u00f3 abatido Daniel, quien muri\u00f3 posteriormente en el hospital.<\/p>\n\n\n\n<p>Este jueves, ante los medios de comunicaci\u00f3n, la se\u00f1ora Elena denunci\u00f3 que su c\u00f3nyuge, con m\u00e1s de 20 a\u00f1os al servicio de la naci\u00f3n, no muri\u00f3 en un enfrentamiento registrado en inmediaciones del Valle de Etla, sino que fue asesinado, presuntamente, por integrantes de la AEI.<\/p>\n\n\n\n<p>Acompa\u00f1ada de sus abogados, explic\u00f3 que el elemento de la Guardia Nacional muri\u00f3 en horas de servicio y no como se quiere hacer creer a la opini\u00f3n p\u00fablica, al asegurar que realizaba actos delincuenciales, adem\u00e1s que reiter\u00f3 que fueron elementos de la AEI quienes dispararon por la espalda con total alevos\u00eda y ventaja, sin que existiera un enfrentamiento de por medio.\u00a0<\/p>\n\n\n\n<figure class=\"wp-block-embed-twitter wp-block-embed is-type-rich is-provider-twitter\"><div class=\"wp-block-embed__wrapper\">\n<div class=\"twitter-tweet\"><blockquote class=\"twitter-tweet\" data-lang=\"es\"><p lang=\"es\" dir=\"ltr\">El elemento de la <a href=\"https:\/\/twitter.com\/GN_MEXICO_?ref_src=twsrc%5Etfw\">@GN_MEXICO_<\/a>, Daniel Garc\u00eda, no muri\u00f3 en un enfrentamiento, el pasado 15 de julio, sino fue asesinado presuntamente por integrantes de la <a href=\"https:\/\/twitter.com\/AEI_Oaxaca?ref_src=twsrc%5Etfw\">@AEI_Oaxaca<\/a> <a href=\"https:\/\/twitter.com\/FISCALIA_GobOax?ref_src=twsrc%5Etfw\">@FISCALIA_GobOax<\/a>, denunci\u00f3 su esposa Elena L\u00f3pez, quien defendi\u00f3 que su c\u00f3nyuge no era delincuente. <a href=\"https:\/\/t.co\/ohTVRQC01V\">pic.twitter.com\/ohTVRQC01V<\/a><\/p>&mdash; Zona Roja Oaxaca (@Zona_Roja_Oax) <a href=\"https:\/\/twitter.com\/Zona_Roja_Oax\/status\/1420784427752431618?ref_src=twsrc%5Etfw\">29 de julio de 2021<\/a><\/blockquote><\/div>\n<\/div><\/figure>\n\n\n\n<p>\u201cMi esposo no se defendi\u00f3, no le dieron la oportunidad, no hubo enfrentamiento.&nbsp; El jam\u00e1s accion\u00f3 un arma como se dice y eso no lo digo yo, lo dicen los documentos que existen dentro de la carpeta de investigaci\u00f3n que se form\u00f3 por su homicidio y en donde hay dict\u00e1menes hechos por especialistas en la materia, quienes no encontraron rastro de p\u00f3lvora en sus manos\u201d, expuso.&nbsp;<\/p>\n\n\n\n<p>Por lo anterior, pidi\u00f3 que no se diga que Daniel Garc\u00eda Tejeda fue un secuestrador y que agredi\u00f3 a los agentes estatales a balazos, porque no es verdad. \u201c\u00c9l era un servidor p\u00fablico comprometido con su labor y hombre ejemplar\u201d, sentenci\u00f3.<\/p>\n\n\n\n<p>INDAGATORIA LENTA<\/p>\n\n\n\n<p>Finalmente, exigi\u00f3 justicia y castigo para los responsables del homicidio calificado de su esposo, as\u00ed como aclarar los actos de negligencia y abuso de autoridad ejercida por los elementos de la AEI.<\/p>\n\n\n\n<p>Por su parte, el abogado Aldo Alc\u00e1ntara Luna explic\u00f3 que por los hechos, la Fiscal\u00eda de Oaxaca integr\u00f3 dos carpetas de investigaci\u00f3n, la primera por el delito de secuestro agravado, la cual ya fue judicializada y con una persona vinculada a proceso por ese motivo; y la segunda para el esclarecimiento de los hechos en donde perdi\u00f3 la vida el elemento de seguridad.<\/p>\n\n\n\n<p>Reconoci\u00f3 que, en la primera, Garc\u00eda Tejeda est\u00e1 se\u00f1alado como presunto responsable del delito de secuestro, de lo cual dijo no existen pruebas y por el contrario si hay testimonios que dan fe de su buen desempe\u00f1o al interior de la dependencia.\u00a0 As\u00ed mismo, hay evidencia de que el hoy occiso previo a los hechos se encontraba al interior de las instalaciones de la Guardia Nacional encabezando un curso, sin embargo, lo suspendi\u00f3 para acudir al llamado de auxilio por los hechos que se suscitaron el d\u00eda siete de julio, en inmediaciones de San Agust\u00edn, Etla.<\/p>\n\n\n\n<figure class=\"wp-block-embed-twitter wp-block-embed is-type-rich is-provider-twitter\"><div class=\"wp-block-embed__wrapper\">\n<div class=\"twitter-tweet\"><blockquote class=\"twitter-tweet\" data-lang=\"es\"><p lang=\"es\" dir=\"ltr\"><a href=\"https:\/\/twitter.com\/hashtag\/ENVIVO?src=hash&amp;ref_src=twsrc%5Etfw\">#ENVIVO<\/a> <br>Oaxaca de Ju\u00e1rez, Oax., 29 de julio de 2021.- Conferencia de prensa del elemento de la <a href=\"https:\/\/twitter.com\/GN_MEXICO_?ref_src=twsrc%5Etfw\">@GN_MEXICO_<\/a> abatido en inmediaciones de Etla tras enfrentamiento con personal de la <a href=\"https:\/\/twitter.com\/AEI_Oaxaca?ref_src=twsrc%5Etfw\">@AEI_Oaxaca<\/a> de la <a href=\"https:\/\/twitter.com\/FISCALIA_GobOax?ref_src=twsrc%5Etfw\">@FISCALIA_GobOax<\/a>. <br>Siga aqu\u00ed la transmisi\u00f3n:<br>\ud83d\udc47<a href=\"https:\/\/t.co\/4BAuf58tah\">https:\/\/t.co\/4BAuf58tah<\/a><\/p>&mdash; Zona Roja Oaxaca (@Zona_Roja_Oax) <a href=\"https:\/\/twitter.com\/Zona_Roja_Oax\/status\/1420760506273452041?ref_src=twsrc%5Etfw\">29 de julio de 2021<\/a><\/blockquote><\/div>\n<\/div><\/figure>\n","protected":false},"excerpt":{"rendered":"<p>Evlin Arag\u00f3n\/Zona Roja. Oaxaca de Ju\u00e1rez, Oax., 29 de julio de 2021.- \u201cYo le dec\u00eda&hellip;<\/p>\n","protected":false},"author":2,"featured_media":30302,"comment_status":"closed","ping_status":"open","sticky":false,"template":"","format":"standard","meta":{"_lmt_disableupdate":"","_lmt_disable":"","_jetpack_memberships_contains_paid_content":false,"footnotes":""},"categories":[109,47],"tags":[2819,2820],"class_list":["post-30301","post","type-post","status-publish","format-standard","has-post-thumbnail","hentry","category-minuto-a-minuto","category-zona-gris","tag-daniel-garcia-tejeda","tag-maria-elena-lopez-valle"],"jetpack_featured_media_url":"https:\/\/zonaroja.com.mx\/wp-content\/uploads\/2021\/07\/Elena-Lopez-caso-AEI.jpg","jetpack_sharing_enabled":true,"_links":{"self":[{"href":"https:\/\/zonaroja.com.mx\/index.php?rest_route=\/wp\/v2\/posts\/30301","targetHints":{"allow":["GET"]}}],"collection":[{"href":"https:\/\/zonaroja.com.mx\/index.php?rest_route=\/wp\/v2\/posts"}],"about":[{"href":"https:\/\/zonaroja.com.mx\/index.php?rest_route=\/wp\/v2\/types\/post"}],"author":[{"embeddable":true,"href":"https:\/\/zonaroja.com.mx\/index.php?rest_route=\/wp\/v2\/users\/2"}],"replies":[{"embeddable":true,"href":"https:\/\/zonaroja.com.mx\/index.php?rest_route=%2Fwp%2Fv2%2Fcomments&post=30301"}],"version-history":[{"count":1,"href":"https:\/\/zonaroja.com.mx\/index.php?rest_route=\/wp\/v2\/posts\/30301\/revisions"}],"predecessor-version":[{"id":30303,"href":"https:\/\/zonaroja.com.mx\/index.php?rest_route=\/wp\/v2\/posts\/30301\/revisions\/30303"}],"wp:featuredmedia":[{"embeddable":true,"href":"https:\/\/zonaroja.com.mx\/index.php?rest_route=\/wp\/v2\/media\/30302"}],"wp:attachment":[{"href":"https:\/\/zonaroja.com.mx\/index.php?rest_route=%2Fwp%2Fv2%2Fmedia&parent=30301"}],"wp:term":[{"taxonomy":"category","embeddable":true,"href":"https:\/\/zonaroja.com.mx\/index.php?rest_route=%2Fwp%2Fv2%2Fcategories&post=30301"},{"taxonomy":"post_tag","embeddable":true,"href":"https:\/\/zonaroja.com.mx\/index.php?rest_route=%2Fwp%2Fv2%2Ftags&post=30301"}],"curies":[{"name":"wp","href":"https:\/\/api.w.org\/{rel}","templated":true}]}}