{"id":30304,"date":"2021-07-29T13:01:55","date_gmt":"2021-07-29T18:01:55","guid":{"rendered":"https:\/\/www.zonaroja.com.mx\/?p=30304"},"modified":"2021-07-29T15:28:00","modified_gmt":"2021-07-29T20:28:00","slug":"colectivos-feministas-reprueban-estrategia-que-busca-limpiar-imagen-de-vera-carrizal","status":"publish","type":"post","link":"https:\/\/zonaroja.com.mx\/?p=30304","title":{"rendered":"Colectivos feministas reprueban estrategia que busca limpiar imagen de Vera Carrizal"},"content":{"rendered":"\n<p class=\"MsoNormal\">Evlin Arag\u00f3n\/Zona Roja&nbsp;<\/p>\n\n\n\n<p class=\"MsoNormal\">Oaxaca de Ju\u00e1rez, Oax., 29 de junio de 2021.- Las colectivas Marea Verde Mixteca e \u201cHijas de la Luna\u201c rechazaron de manera en\u00e9rgica la producci\u00f3n audiovisual que actualmente se difunde a favor del presunto feminicida Juan Antonio Vera Carrizal, acusado de autor intelectual del ataque con \u00e1cido en contra de la saxofonista Mar\u00eda Elena R\u00edos Ortiz.&nbsp;&nbsp;<\/p>\n\n\n\n<p class=\"MsoNormal\">A trav\u00e9s de sus redes sociales, rechazaron el actuar de la familia del indiciado a trav\u00e9s de un medio que, aunque desprestigiado, tiene un gran alcance en las redes sociales como lo es Badabun, el cual subi\u00f3 un video en el que se pretende hacer pasar por v\u00edctima al acusado de tentativa de feminicidio.&nbsp;&nbsp;<\/p>\n\n\n\n<p class=\"MsoNormal\">Alertaron que no se trata de la \u00fanica acci\u00f3n que han emprendido para tratar de limpiar la imagen del empresario, por el contrario, recordaron que el pasado 7 de julio un grupo reducido de hombres y mujeres marcharon para exigir la libertad de Juan Vera, quien se puso a disposici\u00f3n de las autoridades a inicios del mes de abril del 2020.&nbsp;&nbsp;<\/p>\n\n\n\n<p class=\"MsoNormal\">En dicha marcha, fue agredido y amenazado de muerte el reportero Ernesto Rojas Ayuzo, quien se\u00f1al\u00f3 como su agresor a Roberto Vera Carrizal, hermano del ex diputado priista actualmente preso.&nbsp;&nbsp;<\/p>\n\n\n\n<p class=\"MsoNormal\">Por lo anterior las activistas feministas solicitaron a las autoridades investigar la campa\u00f1a de difusi\u00f3n que, adem\u00e1s, busca desacreditar la legitima exigencia de justicia por parte de la saxofonista oaxaque\u00f1a que recientemente dio a conocer su d\u00e9cima intervenci\u00f3n quir\u00fargica debido a las secuelas f\u00edsicas que el ataque con \u00e1cido le dej\u00f3.&nbsp;<\/p>\n\n\n\n<p class=\"MsoNormal\">\u201cPedimos a las autoridades investigar esta campa\u00f1a, sus alcances desinformativos y de desprestigio. Adem\u00e1s de que se siga rigurosamente el caso de nuestra hermana Mar\u00eda Elena R\u00edos,&nbsp;a quien le decimos, desde nuestro nicho violeta y no desde el privilegio, no est\u00e1s sola\u201d, refirieron.&nbsp;&nbsp;<\/p>\n\n\n\n<p class=\"MsoNormal\">Y aunque saben que debido a los recursos con los que cuenta la familia del potencial feminicida es muy probable que la campa\u00f1a para tratar de limpiar su imagen continuar\u00e1, conf\u00edan en que la justicia se ponga de lado de la v\u00edctima, de una vez por todas.&nbsp;&nbsp;<\/p>\n\n\n\n<p class=\"MsoNormal\">\u201cSe pueden comprar abogados, anuncios, lonas, personas andantes, pero la justicia tendr\u00e1 que ser a la sinton\u00eda de la raz\u00f3n y a conciencia hist\u00f3rica. LA DIGNIDAD NO SE COMPRA, NI LA \u00c9TICA SE VENDE\u201d, se\u00f1alaron.&nbsp;<\/p>\n\n\n\n<p class=\"MsoNormal\">Por su parte, Mar\u00eda Elena R\u00edos Ortiz agradeci\u00f3 a todas las personas que la han apoyado y han hecho eco de la terrible revictimizaci\u00f3n y violencia digital de la que hoy en d\u00eda es v\u00edctima, junto con su familia, a la par que pidi\u00f3 dejar de seguir las redes de Badabun.&nbsp;&nbsp;<\/p>\n\n\n\n<p class=\"MsoNormal\">As\u00ed mismo insisti\u00f3 en la b\u00fasqueda y localizaci\u00f3n del quinto implicado en su ataque, quien se encuentra pr\u00f3fugo de la justicia y a quien se presume beneficia la campa\u00f1a medi\u00e1tica que se est\u00e1 llevando a cabo.  <\/p>\n","protected":false},"excerpt":{"rendered":"<p>Evlin Arag\u00f3n\/Zona Roja&nbsp; Oaxaca de Ju\u00e1rez, Oax., 29 de junio de 2021.- Las colectivas Marea&hellip;<\/p>\n","protected":false},"author":2,"featured_media":30300,"comment_status":"closed","ping_status":"open","sticky":false,"template":"","format":"standard","meta":{"_lmt_disableupdate":"","_lmt_disable":"","_jetpack_memberships_contains_paid_content":false,"footnotes":""},"categories":[109,47],"tags":[1144],"class_list":["post-30304","post","type-post","status-publish","format-standard","has-post-thumbnail","hentry","category-minuto-a-minuto","category-zona-gris","tag-juan-antonio-vera-carrizal"],"jetpack_featured_media_url":"https:\/\/zonaroja.com.mx\/wp-content\/uploads\/2021\/07\/img_1465.jpg","jetpack_sharing_enabled":true,"_links":{"self":[{"href":"https:\/\/zonaroja.com.mx\/index.php?rest_route=\/wp\/v2\/posts\/30304","targetHints":{"allow":["GET"]}}],"collection":[{"href":"https:\/\/zonaroja.com.mx\/index.php?rest_route=\/wp\/v2\/posts"}],"about":[{"href":"https:\/\/zonaroja.com.mx\/index.php?rest_route=\/wp\/v2\/types\/post"}],"author":[{"embeddable":true,"href":"https:\/\/zonaroja.com.mx\/index.php?rest_route=\/wp\/v2\/users\/2"}],"replies":[{"embeddable":true,"href":"https:\/\/zonaroja.com.mx\/index.php?rest_route=%2Fwp%2Fv2%2Fcomments&post=30304"}],"version-history":[{"count":1,"href":"https:\/\/zonaroja.com.mx\/index.php?rest_route=\/wp\/v2\/posts\/30304\/revisions"}],"predecessor-version":[{"id":30305,"href":"https:\/\/zonaroja.com.mx\/index.php?rest_route=\/wp\/v2\/posts\/30304\/revisions\/30305"}],"wp:featuredmedia":[{"embeddable":true,"href":"https:\/\/zonaroja.com.mx\/index.php?rest_route=\/wp\/v2\/media\/30300"}],"wp:attachment":[{"href":"https:\/\/zonaroja.com.mx\/index.php?rest_route=%2Fwp%2Fv2%2Fmedia&parent=30304"}],"wp:term":[{"taxonomy":"category","embeddable":true,"href":"https:\/\/zonaroja.com.mx\/index.php?rest_route=%2Fwp%2Fv2%2Fcategories&post=30304"},{"taxonomy":"post_tag","embeddable":true,"href":"https:\/\/zonaroja.com.mx\/index.php?rest_route=%2Fwp%2Fv2%2Ftags&post=30304"}],"curies":[{"name":"wp","href":"https:\/\/api.w.org\/{rel}","templated":true}]}}