{"id":30306,"date":"2021-07-29T15:33:50","date_gmt":"2021-07-29T20:33:50","guid":{"rendered":"http:\/\/www.zonaroja.com.mx\/?p=30306"},"modified":"2021-07-29T15:33:54","modified_gmt":"2021-07-29T20:33:54","slug":"pide-diputada-a-ebrard-solicite-indagatoria-por-homicidio-de-oaxaqueno","status":"publish","type":"post","link":"https:\/\/zonaroja.com.mx\/?p=30306","title":{"rendered":"Pide diputada a Ebrard solicite indagatoria por homicidio de oaxaque\u00f1o"},"content":{"rendered":"\n<p>Redacci\u00f3n\/Zona Roja.<\/p>\n\n\n\n<p>Oaxaca de Ju\u00e1rez, Oax., 29 de julio de 2021. La diputada Magaly L\u00f3pez Dom\u00ednguez, propuso al Congreso local exhortar al secretario de Relaciones Exteriores de M\u00e9xico, Marcelo Ebrard Casaub\u00f3n, con el fin de que se investigue la muerte de Gerardo Ch\u00e1vez Mart\u00ednez, joven ind\u00edgena oaxaque\u00f1o abatido por la polic\u00eda en el estado de California, Estados Unidos.<\/p>\n\n\n\n<p>El llamado legislativo pide al canciller mexicano desplegar todos los recursos legales y diplom\u00e1ticos a su alcance con el fin de que las autoridades respectivas agoten una investigaci\u00f3n profunda e imparcial de los hechos policiales sobre el caso en menci\u00f3n.<\/p>\n\n\n\n<p>La diputada por Morena indic\u00f3 que el joven de 19 a\u00f1os de edad era originario de San Vicente Coatl\u00e1n, municipio ubicado en el distrito de Ejutla, en la regi\u00f3n de los Valles Centrales de Oaxaca, y que reci\u00e9n hab\u00eda llegado al vecino pa\u00eds.<\/p>\n\n\n\n<p>Expuso que la muerte del ind\u00edgena zapoteca sucede en un contexto en el que se generalizan los asesinatos policiales contra afroamericanos, morenos e ind\u00edgenas, que de manera frecuente son capturados por un sistema construido para criminalizarlos a primera vista, por su aspecto f\u00edsico.<\/p>\n\n\n\n<p>L\u00f3pez Dom\u00ednguez dijo que esta petici\u00f3n hace eco a la demanda de organizaciones y comunidades ind\u00edgenas migrantes en los Estados Unidos, quienes solicitaron al Departamento de Justicia de California investigar el tiroteo donde fue muerto Gerardo Ch\u00e1vez Mart\u00ednez, el pasado 16 de julio.<\/p>\n\n\n\n<p>Se\u00f1al\u00f3 que de acuerdo con la organizaci\u00f3n binacional Comunidades Ind\u00edgenas en Liderazgo (Cielo), la v\u00edctima no hablante del ingl\u00e9s y con conocimiento limitado del espa\u00f1ol, no entendi\u00f3 las \u00f3rdenes de salir de su casa y al levantar los brazos, cuando portaba en sus manos una pistola de juguete, le dispar\u00f3 un polic\u00eda.<\/p>\n\n\n\n<p>Finalmente, consider\u00f3 necesario que las autoridades investiguen de manera efectiva, con base en el derecho internacional de los derechos humanos, y resuelvan si Gerardo Ch\u00e1vez Mart\u00ednez fue v\u00edctima de una ejecuci\u00f3n extrajudicial, de un acto de brutalidad policiaca que evidencia el racismo sist\u00e9mico de las polic\u00edas de Estados Unidos.<\/p>\n\n\n\n<p>El punto de acuerdo presentado en la sesi\u00f3n de ayer por la diputada Magaly L\u00f3pez Dom\u00ednguez, fue turnado para su an\u00e1lisis y dictamen a la comisi\u00f3n permanente correspondiente.<\/p>\n","protected":false},"excerpt":{"rendered":"<p>Redacci\u00f3n\/Zona Roja. Oaxaca de Ju\u00e1rez, Oax., 29 de julio de 2021. La diputada Magaly L\u00f3pez&hellip;<\/p>\n","protected":false},"author":2,"featured_media":30307,"comment_status":"closed","ping_status":"open","sticky":false,"template":"","format":"standard","meta":{"_lmt_disableupdate":"","_lmt_disable":"","_jetpack_memberships_contains_paid_content":false,"footnotes":""},"categories":[109,47],"tags":[192],"class_list":["post-30306","post","type-post","status-publish","format-standard","has-post-thumbnail","hentry","category-minuto-a-minuto","category-zona-gris","tag-diputada-magaly-lopez-dominguez"],"jetpack_featured_media_url":"https:\/\/zonaroja.com.mx\/wp-content\/uploads\/2021\/07\/Gerardo-Chavez-asesinado-EU.jpg","jetpack_sharing_enabled":true,"_links":{"self":[{"href":"https:\/\/zonaroja.com.mx\/index.php?rest_route=\/wp\/v2\/posts\/30306","targetHints":{"allow":["GET"]}}],"collection":[{"href":"https:\/\/zonaroja.com.mx\/index.php?rest_route=\/wp\/v2\/posts"}],"about":[{"href":"https:\/\/zonaroja.com.mx\/index.php?rest_route=\/wp\/v2\/types\/post"}],"author":[{"embeddable":true,"href":"https:\/\/zonaroja.com.mx\/index.php?rest_route=\/wp\/v2\/users\/2"}],"replies":[{"embeddable":true,"href":"https:\/\/zonaroja.com.mx\/index.php?rest_route=%2Fwp%2Fv2%2Fcomments&post=30306"}],"version-history":[{"count":1,"href":"https:\/\/zonaroja.com.mx\/index.php?rest_route=\/wp\/v2\/posts\/30306\/revisions"}],"predecessor-version":[{"id":30308,"href":"https:\/\/zonaroja.com.mx\/index.php?rest_route=\/wp\/v2\/posts\/30306\/revisions\/30308"}],"wp:featuredmedia":[{"embeddable":true,"href":"https:\/\/zonaroja.com.mx\/index.php?rest_route=\/wp\/v2\/media\/30307"}],"wp:attachment":[{"href":"https:\/\/zonaroja.com.mx\/index.php?rest_route=%2Fwp%2Fv2%2Fmedia&parent=30306"}],"wp:term":[{"taxonomy":"category","embeddable":true,"href":"https:\/\/zonaroja.com.mx\/index.php?rest_route=%2Fwp%2Fv2%2Fcategories&post=30306"},{"taxonomy":"post_tag","embeddable":true,"href":"https:\/\/zonaroja.com.mx\/index.php?rest_route=%2Fwp%2Fv2%2Ftags&post=30306"}],"curies":[{"name":"wp","href":"https:\/\/api.w.org\/{rel}","templated":true}]}}