{"id":30318,"date":"2021-07-30T07:40:01","date_gmt":"2021-07-30T12:40:01","guid":{"rendered":"http:\/\/www.zonaroja.com.mx\/?p=30318"},"modified":"2021-07-30T07:40:04","modified_gmt":"2021-07-30T12:40:04","slug":"en-jueves-suman-tres-homicidios-en-oaxaca-otros-dos-murieron-por-accidente","status":"publish","type":"post","link":"https:\/\/zonaroja.com.mx\/?p=30318","title":{"rendered":"En jueves suman tres homicidios en Oaxaca; otros dos murieron por accidente"},"content":{"rendered":"\n<p>Redacci\u00f3n\/Zona Roja.<\/p>\n\n\n\n<p>Oaxaca de Ju\u00e1rez, Oax., 30 de julio de 2021.- Adem\u00e1s de las personas asesinadas en Santiago Pinotepa Nacional y Santiago Jamiltepec, ayer jueves un individuo fue presuntamente ultimado en Santo Domingo Tehuantepec.<\/p>\n\n\n\n<p>Anoche fue localizado el cad\u00e1ver con huellas de violencia a un lado del camino que conduce a la agencia de Buenos Aires; a primera vista se trata de un joven, que viste playera blanca, pantal\u00f3n de mezclilla y tenis.<\/p>\n\n\n\n<p>Presenta manchas hem\u00e1ticas a la altura del pecho y se presume que fue ultimado por disparos de arma de fuego, lo cual no ha confirmado la Fiscal\u00eda General del Estado de Oaxaca.<\/p>\n\n\n\n<p>En tanto que anoche, en la carretera que conduce al municipio de Tlalixtac de Cabrera, en la regi\u00f3n Valles Centrales, un hombre que transitaba en su bicicleta fue atropellado y muerto.<\/p>\n\n\n\n<p>El percance ocurri\u00f3 alrededor de las 22:00 horas y la v\u00edctima permanece en calidad de desconocida; el conductor de la unidad de motor se dio a la fuga de inmediato.<\/p>\n\n\n\n<p>Otra v\u00edctima fatal de accidente ocurri\u00f3 la madrugada de este viernes en Bah\u00edas de Huatulco, en que perdi\u00f3 la vida un individuo, a\u00fan no identificado.<\/p>\n\n\n\n<p>En el bulevar Benito Ju\u00e1rez, el hombre conduc\u00eda, presuntamente en estado de ebriedad y a exceso de velocidad, un veh\u00edculo tipo Sentra, marca Nissan, que se impact\u00f3 contra una palmera.<\/p>\n\n\n\n<p>Personal del Cuerpo de Bomberos y de la Cruz Roja Mexicana arrib\u00f3 al lugar para brindar los primeros auxilios, pero ya hab\u00eda fallecido.<\/p>\n","protected":false},"excerpt":{"rendered":"<p>Redacci\u00f3n\/Zona Roja. Oaxaca de Ju\u00e1rez, Oax., 30 de julio de 2021.- Adem\u00e1s de las personas&hellip;<\/p>\n","protected":false},"author":2,"featured_media":30319,"comment_status":"closed","ping_status":"open","sticky":false,"template":"","format":"standard","meta":{"_lmt_disableupdate":"","_lmt_disable":"","_jetpack_memberships_contains_paid_content":false,"footnotes":""},"categories":[109,51],"tags":[125],"class_list":["post-30318","post","type-post","status-publish","format-standard","has-post-thumbnail","hentry","category-minuto-a-minuto","category-zona-roja","tag-santo-domingo-tehuantepec"],"jetpack_featured_media_url":"https:\/\/zonaroja.com.mx\/wp-content\/uploads\/2021\/07\/Muerto-accidente-Tlalixtac.jpg","jetpack_sharing_enabled":true,"_links":{"self":[{"href":"https:\/\/zonaroja.com.mx\/index.php?rest_route=\/wp\/v2\/posts\/30318","targetHints":{"allow":["GET"]}}],"collection":[{"href":"https:\/\/zonaroja.com.mx\/index.php?rest_route=\/wp\/v2\/posts"}],"about":[{"href":"https:\/\/zonaroja.com.mx\/index.php?rest_route=\/wp\/v2\/types\/post"}],"author":[{"embeddable":true,"href":"https:\/\/zonaroja.com.mx\/index.php?rest_route=\/wp\/v2\/users\/2"}],"replies":[{"embeddable":true,"href":"https:\/\/zonaroja.com.mx\/index.php?rest_route=%2Fwp%2Fv2%2Fcomments&post=30318"}],"version-history":[{"count":1,"href":"https:\/\/zonaroja.com.mx\/index.php?rest_route=\/wp\/v2\/posts\/30318\/revisions"}],"predecessor-version":[{"id":30320,"href":"https:\/\/zonaroja.com.mx\/index.php?rest_route=\/wp\/v2\/posts\/30318\/revisions\/30320"}],"wp:featuredmedia":[{"embeddable":true,"href":"https:\/\/zonaroja.com.mx\/index.php?rest_route=\/wp\/v2\/media\/30319"}],"wp:attachment":[{"href":"https:\/\/zonaroja.com.mx\/index.php?rest_route=%2Fwp%2Fv2%2Fmedia&parent=30318"}],"wp:term":[{"taxonomy":"category","embeddable":true,"href":"https:\/\/zonaroja.com.mx\/index.php?rest_route=%2Fwp%2Fv2%2Fcategories&post=30318"},{"taxonomy":"post_tag","embeddable":true,"href":"https:\/\/zonaroja.com.mx\/index.php?rest_route=%2Fwp%2Fv2%2Ftags&post=30318"}],"curies":[{"name":"wp","href":"https:\/\/api.w.org\/{rel}","templated":true}]}}