{"id":30321,"date":"2021-07-30T07:51:00","date_gmt":"2021-07-30T12:51:00","guid":{"rendered":"http:\/\/www.zonaroja.com.mx\/?p=30321"},"modified":"2021-07-30T07:51:03","modified_gmt":"2021-07-30T12:51:03","slug":"joven-oaxaquena-presa-en-edomex-por-defenderse-de-violacion","status":"publish","type":"post","link":"https:\/\/zonaroja.com.mx\/?p=30321","title":{"rendered":"Joven oaxaque\u00f1a, presa en Edomex por defenderse de violaci\u00f3n"},"content":{"rendered":"\n<p>Redacci\u00f3n\/Zona Roja Cdmx.<\/p>\n\n\n\n<p>Ciudad de M\u00e9xico, 30 de julio de 2021.- Desde hace dos meses, la joven Roxana, de 21 a\u00f1os de edad y originaria de Pinotepa Nacional, Oaxaca, se encuentra en prisi\u00f3n en el penal Bordo de Xochiaca, Estado de M\u00e9xico, presuntamente de manera injusta.<\/p>\n\n\n\n<p>De acuerdo con una carta que dieron a conocer organismos de la sociedad civil de aquella entidad, la joven fue golpeada y violada por un sujeto, el pasado 8 de mayo, tras acudir a una fiesta.<\/p>\n\n\n\n<p>\u00abMe empez\u00f3 a quitar la ropa, me golpe\u00f3 y me viol\u00f3, y yo estaba en shock\u00bb, narra en el documento que se difundi\u00f3, por lo que al defenderse, lo asesin\u00f3.<\/p>\n\n\n\n<p>Describe que tras el festejo, un hombre le pidi\u00f3 posada debido a que viv\u00eda lejos; ella accedi\u00f3, le coloc\u00f3 una colchoneta en el piso mientras ella se fue a su cuarto a dormir; sin embargo, vino la agresi\u00f3n sexual.<\/p>\n\n\n\n<p>\u00abInsisti\u00f3 tanto que me dio miedo, por tonta acced\u00ed, s\u00e9 que muchos me juzgar\u00e1n por lo que hice y tal vez dir\u00e1n es su culpa de ella que lo dej\u00f3 entrar\u00bb, escribi\u00f3.<\/p>\n\n\n\n<p>\u00abS\u00f3lo quise defenderme, pas\u00e9 momentos horribles, sent\u00ed su aliento, sus manos, y s\u00f3lo quer\u00eda que esto acabara, le di un golpe en la nariz, empez\u00f3 a sangrar y me dijo ahora s\u00ed te vas a morir\u00bb, cont\u00f3.<\/p>\n\n\n\n<p>\u00abCuando se distrajo, tom\u00e9 una playera y se la puse en el cuello, lo asfixi\u00e9, sent\u00ed miedo, terror, sent\u00ed que no val\u00eda nada, que todo era culpa m\u00eda\u00bb.<\/p>\n\n\n\n<p>Tras el hecho, la joven lo meti\u00f3 en un costal y lo dej\u00f3 tirado en una esquina, pero un vecino la vio y llam\u00f3 a una patrulla.<\/p>\n\n\n\n<p>Denunci\u00f3 que pese a haberle dicho a los oficiales que hab\u00eda sido violada, no le hicieron ning\u00fan tipo de examen.<\/p>\n\n\n\n<p>\u00abMe presentaron golpeada pero no tomaron fotograf\u00edas, no tomaron en cuenta mi declaraci\u00f3n para que yo pudiera defenderme. Mi \u00fanico delito fue defenderme del hombre que me viol\u00f3\u00bb.<\/p>\n\n\n\n<p>Para la joven, si no se hubiera defendido, ser\u00eda una m\u00e1s de la lista de desaparecidas o asesinadas.<\/p>\n\n\n\n<p>\u00abTal vez deb\u00ed dejar que mi agresor se saliera con la suya, se fuera y me dejara tal vez muerta o herida para no tener que vivir esto que vivo\u00bb. El 2 de agosto ser\u00e1 su audiencia para dictarle una sentencia.<\/p>\n\n\n\n<p>(Con informaci\u00f3n de \u201cReforma\u201d)<\/p>\n","protected":false},"excerpt":{"rendered":"<p>Redacci\u00f3n\/Zona Roja Cdmx. Ciudad de M\u00e9xico, 30 de julio de 2021.- Desde hace dos meses,&hellip;<\/p>\n","protected":false},"author":2,"featured_media":30322,"comment_status":"closed","ping_status":"open","sticky":false,"template":"","format":"standard","meta":{"_lmt_disableupdate":"","_lmt_disable":"","_jetpack_memberships_contains_paid_content":false,"footnotes":""},"categories":[109,47],"tags":[],"class_list":["post-30321","post","type-post","status-publish","format-standard","has-post-thumbnail","hentry","category-minuto-a-minuto","category-zona-gris"],"jetpack_featured_media_url":"https:\/\/zonaroja.com.mx\/wp-content\/uploads\/2021\/07\/Roxana-Pinotepa-presa.jpg","jetpack_sharing_enabled":true,"_links":{"self":[{"href":"https:\/\/zonaroja.com.mx\/index.php?rest_route=\/wp\/v2\/posts\/30321","targetHints":{"allow":["GET"]}}],"collection":[{"href":"https:\/\/zonaroja.com.mx\/index.php?rest_route=\/wp\/v2\/posts"}],"about":[{"href":"https:\/\/zonaroja.com.mx\/index.php?rest_route=\/wp\/v2\/types\/post"}],"author":[{"embeddable":true,"href":"https:\/\/zonaroja.com.mx\/index.php?rest_route=\/wp\/v2\/users\/2"}],"replies":[{"embeddable":true,"href":"https:\/\/zonaroja.com.mx\/index.php?rest_route=%2Fwp%2Fv2%2Fcomments&post=30321"}],"version-history":[{"count":1,"href":"https:\/\/zonaroja.com.mx\/index.php?rest_route=\/wp\/v2\/posts\/30321\/revisions"}],"predecessor-version":[{"id":30323,"href":"https:\/\/zonaroja.com.mx\/index.php?rest_route=\/wp\/v2\/posts\/30321\/revisions\/30323"}],"wp:featuredmedia":[{"embeddable":true,"href":"https:\/\/zonaroja.com.mx\/index.php?rest_route=\/wp\/v2\/media\/30322"}],"wp:attachment":[{"href":"https:\/\/zonaroja.com.mx\/index.php?rest_route=%2Fwp%2Fv2%2Fmedia&parent=30321"}],"wp:term":[{"taxonomy":"category","embeddable":true,"href":"https:\/\/zonaroja.com.mx\/index.php?rest_route=%2Fwp%2Fv2%2Fcategories&post=30321"},{"taxonomy":"post_tag","embeddable":true,"href":"https:\/\/zonaroja.com.mx\/index.php?rest_route=%2Fwp%2Fv2%2Ftags&post=30321"}],"curies":[{"name":"wp","href":"https:\/\/api.w.org\/{rel}","templated":true}]}}