{"id":30329,"date":"2021-07-30T08:08:40","date_gmt":"2021-07-30T13:08:40","guid":{"rendered":"http:\/\/www.zonaroja.com.mx\/?p=30329"},"modified":"2021-07-30T08:08:43","modified_gmt":"2021-07-30T13:08:43","slug":"en-2020-hubo-35-mas-muertes-por-covid-que-los-reportados-por-salud","status":"publish","type":"post","link":"https:\/\/zonaroja.com.mx\/?p=30329","title":{"rendered":"En 2020 hubo 35% m\u00e1s muertes por Covid que los reportados por Salud"},"content":{"rendered":"\n<p>Redacci\u00f3n\/Zona Roja Cdmx.<\/p>\n\n\n\n<p>Ciudad de M\u00e9xico, 30 de julio de 2021.- Las cifras de la Secretar\u00eda de Salud federal sobre muertes por Covid-19 durante el a\u00f1o 2020, no concuerda con las del Instituto Nacional de Geograf\u00eda y Estad\u00edstica.<\/p>\n\n\n\n<p>Seg\u00fan el Inegi, el a\u00f1o pasado en M\u00e9xico se registraron 201 mil 163 muertes a causa del virus, mientras que Salud del Gobierno de la Rep\u00fablica inform\u00f3 que fueron 129 mil 329 fallecimientos.<\/p>\n\n\n\n<p>Por otra parte, de acuerdo con las cifras del Inegi, las enfermedades del coraz\u00f3n ocuparon el primer lugar como causa de muerte, el coronavirus el segundo y la diabetes el tercer lugar.<\/p>\n\n\n\n<p>En el pa\u00eds, adem\u00e1s de la Ciudad de M\u00e9xico y el Estado de M\u00e9xico, otros estados que registran saturaci\u00f3n hospitalaria con niveles superiores al 70 por ciento son Nayarit, Colima y Durango; mientras que Guerrero, Nuevo Le\u00f3n, Sinaloa, Hidalgo y Veracruz.<\/p>\n\n\n\n<p>En tanto, el Presidente Andr\u00e9s Manuel L\u00f3pez Obrador insisti\u00f3 ayer en el regreso a clases presenciales e incluso dijo que a partir del 30 de agosto se deber\u00e1 realizar una limpieza general en los planteles.<\/p>\n\n\n\n<p>\u00abHay como una postura a que no haya clases, no s\u00e9 si consciente o inconscientemente, de manera deliberada, por intereses o por desconocimiento del da\u00f1o que se causa al no tener clases presenciales&#8230; yo voy a dar este debate, no me importa que la mayor\u00eda est\u00e9 pensando en no regresar. Yo voy a sostener de que es indispensable que se regrese a clases por el bien de los ni\u00f1os\u00bb, manifest\u00f3.<\/p>\n","protected":false},"excerpt":{"rendered":"<p>Redacci\u00f3n\/Zona Roja Cdmx. Ciudad de M\u00e9xico, 30 de julio de 2021.- Las cifras de la&hellip;<\/p>\n","protected":false},"author":2,"featured_media":17545,"comment_status":"closed","ping_status":"open","sticky":false,"template":"","format":"standard","meta":{"_lmt_disableupdate":"","_lmt_disable":"","_jetpack_memberships_contains_paid_content":false,"footnotes":""},"categories":[109,47],"tags":[1328],"class_list":["post-30329","post","type-post","status-publish","format-standard","has-post-thumbnail","hentry","category-minuto-a-minuto","category-zona-gris","tag-coronavirus-mexico"],"jetpack_featured_media_url":"https:\/\/zonaroja.com.mx\/wp-content\/uploads\/2020\/09\/Muerte-Covid-19.jpg","jetpack_sharing_enabled":true,"_links":{"self":[{"href":"https:\/\/zonaroja.com.mx\/index.php?rest_route=\/wp\/v2\/posts\/30329","targetHints":{"allow":["GET"]}}],"collection":[{"href":"https:\/\/zonaroja.com.mx\/index.php?rest_route=\/wp\/v2\/posts"}],"about":[{"href":"https:\/\/zonaroja.com.mx\/index.php?rest_route=\/wp\/v2\/types\/post"}],"author":[{"embeddable":true,"href":"https:\/\/zonaroja.com.mx\/index.php?rest_route=\/wp\/v2\/users\/2"}],"replies":[{"embeddable":true,"href":"https:\/\/zonaroja.com.mx\/index.php?rest_route=%2Fwp%2Fv2%2Fcomments&post=30329"}],"version-history":[{"count":1,"href":"https:\/\/zonaroja.com.mx\/index.php?rest_route=\/wp\/v2\/posts\/30329\/revisions"}],"predecessor-version":[{"id":30330,"href":"https:\/\/zonaroja.com.mx\/index.php?rest_route=\/wp\/v2\/posts\/30329\/revisions\/30330"}],"wp:featuredmedia":[{"embeddable":true,"href":"https:\/\/zonaroja.com.mx\/index.php?rest_route=\/wp\/v2\/media\/17545"}],"wp:attachment":[{"href":"https:\/\/zonaroja.com.mx\/index.php?rest_route=%2Fwp%2Fv2%2Fmedia&parent=30329"}],"wp:term":[{"taxonomy":"category","embeddable":true,"href":"https:\/\/zonaroja.com.mx\/index.php?rest_route=%2Fwp%2Fv2%2Fcategories&post=30329"},{"taxonomy":"post_tag","embeddable":true,"href":"https:\/\/zonaroja.com.mx\/index.php?rest_route=%2Fwp%2Fv2%2Ftags&post=30329"}],"curies":[{"name":"wp","href":"https:\/\/api.w.org\/{rel}","templated":true}]}}