{"id":30331,"date":"2021-07-30T08:20:29","date_gmt":"2021-07-30T13:20:29","guid":{"rendered":"http:\/\/www.zonaroja.com.mx\/?p=30331"},"modified":"2021-07-30T08:20:33","modified_gmt":"2021-07-30T13:20:33","slug":"ine-ordena-a-legisladores-de-morena-no-difundir-consulta-sobre-juicio-a-expresidentes","status":"publish","type":"post","link":"https:\/\/zonaroja.com.mx\/?p=30331","title":{"rendered":"INE ordena a legisladores de Morena no difundir consulta sobre juicio a expresidentes"},"content":{"rendered":"\n<p>Redacci\u00f3n\/Zona Roja Cdmx.<\/p>\n\n\n\n<p>Ciudad de M\u00e9xico, 30 de julio de 2021.- La Comisi\u00f3n de Quejas y Denuncias del Instituto Nacional Electoral (INE) orden\u00f3 a los grupos parlamentarios de Morena, tanto del Senado como de la C\u00e1mara de Diputados, y al peri\u00f3dico La Jornada abstenerse de difundir la consulta popular sobre expresidentes.<\/p>\n\n\n\n<p>Lo anterior al considerar que \u201cexiste una campa\u00f1a o estrategia propagand\u00edstica auspiciada, contratada o patrocinada por un grupo de diputadas y diputados de Morena relacionada con la difusi\u00f3n de la consulta\u201d, que adem\u00e1s puede \u201cprovocar confusi\u00f3n y desinformaci\u00f3n en la ciudadan\u00eda\u201d.<\/p>\n\n\n\n<p>El exhorto responde a la solicitud de medida cautelar presentada por el diputado del Partido Acci\u00f3n Nacional (PAN), Federico D\u00f6ring, en contra de las publicaciones hechas en la portada del peri\u00f3dico La Jornada los d\u00edas 23, 24, 25, 26 y 27 de julio del a\u00f1o en curso, relacionadas con inserciones alusivas a la Consulta Popular, en las que aparece como responsable de la publicaci\u00f3n la \u201cdiputaci\u00f3n del partido Morena\u201d.<\/p>\n\n\n\n<p>El INE, como autoridad del Estado, es quien tiene la facultad exclusiva para difundir informaci\u00f3n relacionada con dicho ejercicio ciudadano.<\/p>\n\n\n\n<p>Sobre el posible uso de recursos p\u00fablicos en las inserciones de prensa se\u00f1aladas, se trata de un asunto de fondo sobre el que deber\u00e1 pronunciarse la Sala Regional Especializada del Tribunal Electoral del Poder Judicial de la Federaci\u00f3n, se\u00f1al\u00f3 el INE en un comunicado.<\/p>\n\n\n\n<p>La Comisi\u00f3n de Quejas y Denuncias subray\u00f3 que el Poder Legislativo y los grupos parlamentarios tienen atribuciones claras sobre las consultas populares, en las que no se incluye la difusi\u00f3n, \u201cmenos a\u00fan si \u00e9sta se aparta del principio de imparcialidad, neutralidad y busca influir en las preferencias de los ciudadanos\u201d.<\/p>\n\n\n\n<p>(Informaci\u00f3n de \u00abEl Financiero\u00bb)<\/p>\n","protected":false},"excerpt":{"rendered":"<p>Redacci\u00f3n\/Zona Roja Cdmx. Ciudad de M\u00e9xico, 30 de julio de 2021.- La Comisi\u00f3n de Quejas&hellip;<\/p>\n","protected":false},"author":2,"featured_media":29025,"comment_status":"closed","ping_status":"open","sticky":false,"template":"","format":"standard","meta":{"_lmt_disableupdate":"","_lmt_disable":"","_jetpack_memberships_contains_paid_content":false,"footnotes":""},"categories":[109,47],"tags":[],"class_list":["post-30331","post","type-post","status-publish","format-standard","has-post-thumbnail","hentry","category-minuto-a-minuto","category-zona-gris"],"jetpack_featured_media_url":"https:\/\/zonaroja.com.mx\/wp-content\/uploads\/2021\/06\/Consulta-ex-presidentes.jpg","jetpack_sharing_enabled":true,"_links":{"self":[{"href":"https:\/\/zonaroja.com.mx\/index.php?rest_route=\/wp\/v2\/posts\/30331","targetHints":{"allow":["GET"]}}],"collection":[{"href":"https:\/\/zonaroja.com.mx\/index.php?rest_route=\/wp\/v2\/posts"}],"about":[{"href":"https:\/\/zonaroja.com.mx\/index.php?rest_route=\/wp\/v2\/types\/post"}],"author":[{"embeddable":true,"href":"https:\/\/zonaroja.com.mx\/index.php?rest_route=\/wp\/v2\/users\/2"}],"replies":[{"embeddable":true,"href":"https:\/\/zonaroja.com.mx\/index.php?rest_route=%2Fwp%2Fv2%2Fcomments&post=30331"}],"version-history":[{"count":1,"href":"https:\/\/zonaroja.com.mx\/index.php?rest_route=\/wp\/v2\/posts\/30331\/revisions"}],"predecessor-version":[{"id":30332,"href":"https:\/\/zonaroja.com.mx\/index.php?rest_route=\/wp\/v2\/posts\/30331\/revisions\/30332"}],"wp:featuredmedia":[{"embeddable":true,"href":"https:\/\/zonaroja.com.mx\/index.php?rest_route=\/wp\/v2\/media\/29025"}],"wp:attachment":[{"href":"https:\/\/zonaroja.com.mx\/index.php?rest_route=%2Fwp%2Fv2%2Fmedia&parent=30331"}],"wp:term":[{"taxonomy":"category","embeddable":true,"href":"https:\/\/zonaroja.com.mx\/index.php?rest_route=%2Fwp%2Fv2%2Fcategories&post=30331"},{"taxonomy":"post_tag","embeddable":true,"href":"https:\/\/zonaroja.com.mx\/index.php?rest_route=%2Fwp%2Fv2%2Ftags&post=30331"}],"curies":[{"name":"wp","href":"https:\/\/api.w.org\/{rel}","templated":true}]}}