{"id":30336,"date":"2021-07-30T18:44:15","date_gmt":"2021-07-30T23:44:15","guid":{"rendered":"http:\/\/www.zonaroja.com.mx\/?p=30336"},"modified":"2021-07-30T18:44:19","modified_gmt":"2021-07-30T23:44:19","slug":"sin-empleo-ni-domicilio-fijo-asi-burlan-deudores-alimentarios-la-ley-crece-lista","status":"publish","type":"post","link":"https:\/\/zonaroja.com.mx\/?p=30336","title":{"rendered":"Sin empleo ni domicilio fijo, as\u00ed burlan deudores alimentarios la ley; crece lista"},"content":{"rendered":"\n<p>Evlin Arag\u00f3n\/Zona Roja.<\/p>\n\n\n\n<p>Oaxaca de Ju\u00e1rez, Oax., 30 de julio de 2021.- \u201cMi denuncia penal y mi demanda de pensi\u00f3n alimenticia en contra de Israel Enrique Gallegos Soto est\u00e1 atorada desde 2018 porque \u00e9l carece de un empleo formal y un domicilio fijo\u201d, refiere Nadia A., periodista oaxaque\u00f1a que ha decidido romper el silencio y denunciar al deudor alimentario.&nbsp;<\/p>\n\n\n\n<p>A trav\u00e9s de sus redes sociales agradeci\u00f3 a quienes recientemente compartieron la publicaci\u00f3n emitida desde el perfil de Facebook Deudores Alimentarios Oaxaca, en la que se pone en evidencia que Israel Gallegos, quien adem\u00e1s aspir\u00f3 a la presidencia municipal de Mat\u00edas Romero por Unidad Popular, no ha cumplido con la obligaci\u00f3n hacia su hija, desde hace nueve a\u00f1os.&nbsp;<\/p>\n\n\n\n<p>La periodista, comprometida con la perspectiva de g\u00e9nero, asegur\u00f3 que ahora forma parte de las mujeres que perdieron la verg\u00fcenza y el miedo para exponer a quienes abandonaron a sus hijas e hijos, as\u00ed mismo explico que no se trata de de si las mujeres pueden solas, sino de un asunto de derechos, dignidad y justicia.<\/p>\n\n\n\n<p>El caso de Nadia est\u00e1 lejos de ser el \u00fanico, sin embargo, el deudor que denuncia sigue el mismo modus operandi que otros, quienes declaran ante un juez que no tienen empleo para poder contribuir en la manutenci\u00f3n de sus hijas e hijos, o peor a\u00fan no refieren un domicilio fijo donde la autoridad judicial pueda notificarlos.<\/p>\n\n\n\n<p>Tal es el caso de Miguel Vicente Su\u00e1rez Flores, quien de acuerdo con la denuncia publicada en redes sociales renuncia a los empleos, coludido con sus jefes, para no pagar la pensi\u00f3n de sus dos hijos, desde hace siete a\u00f1os&nbsp;<\/p>\n\n\n\n<p>\u201cEsta es una sabandija cuyo cinismo lo ha llevado ya a ocupar primeras planas en peri\u00f3dicos y sigue burlando la ley. Es un vividor de las mujeres y renuncia a los trabajos, coludido con sus due\u00f1os para no pagar pensi\u00f3n alimentaria de sus dos hijos. Lleva siete a\u00f1os de evadir la ley. Una piltrafa humana\u201d, refiere la publicaci\u00f3n.&nbsp;<\/p>\n\n\n\n<p>Mientras que Eginardo Juli\u00e1n Ju\u00e1rez Palma se fue a vivir a Salina Cruz y dej\u00f3 en la indefensi\u00f3n a Ver\u00f3nica, una ni\u00f1a con leucemia linfobl\u00e1stica aguda tipo B; actualmente est\u00e1 desaparecido y no se le ha podido notificar acerca de la demanda que ha emprendido Roc\u00edo, madre de la menor quien ha solicitado el apoyo de la ciudadan\u00eda para cubrir los gastos que genera la atenci\u00f3n m\u00e9dica de su hija.&nbsp;<\/p>\n\n\n\n<p>Otro de los deudores alimentarios que se esconde y no cumple con su obligaci\u00f3n es Brayan Maldonado Mungu\u00eda, sobrino del ex diputado local Gerardo Henestrosa, quien ahora vive en la Ciudad de M\u00e9xico, a donde se traslad\u00f3 justamente para evadir con su responsabilidad desde hace cuatro a\u00f1os.<\/p>\n\n\n\n<p>\u201cEste cobarde pr\u00e1cticamente se fue por los pa\u00f1ales y no regres\u00f3. Vive en #CdMx aunque es oriundo del #Istmo. Trabaja para #Prada y est\u00e1 demandado, aunque se esconde y no lo han podido notificar a esta rata. Se le olvid\u00f3 que tiene una hija de seis a\u00f1os a la que hace cuatro a\u00f1os no le manda ni un peso\u201d.<\/p>\n\n\n\n<p>Con el mismo modus operandi se ubica a Rub\u00e9n Mart\u00ednez Zarate, a quien la madre de sus dos hijos busca, a\u00fan sin \u00e9xito, para notificarlo sobre la demanda interpuesta.&nbsp;<\/p>\n\n\n\n<p>La lista de deudores alimentarios no hace m\u00e1s que crecer, incluyendo a Alberto Hern\u00e1ndez Morales, Luis Felipe Jim\u00e9nez S\u00e1nchez, Roberto Pacheco Ib\u00e1\u00f1ez, Jos\u00e9 de Jes\u00fas Acevedo Bautista, Sebasti\u00e1n Ch\u00e1vez Regino, Jacobo Alberto Garc\u00eda Pin\u00f3n, C\u00e9sar Alberto Hern\u00e1ndez, Mario Gerardo Carre\u00f1o, quien cerr\u00f3 su perfil de Facebook y abri\u00f3 al enterarse de la denuncia.&nbsp;<\/p>\n\n\n\n<p>Asimismo, Soither Cruz Vera, Faustino Hern\u00e1ndez V\u00e1squez, Luis Ramiro Cruz Hern\u00e1ndez, Orlando Mendoza Solano, Andr\u00e9s Cruz Mart\u00ednez, Manuel Mendoza Bautista, Ricardo Al\u00ed Aquino D\u00edaz, Leobardo Garc\u00eda Jacobo, Alejandro Uriel Garc\u00eda Hern\u00e1ndez, David Narciso Far\u00edas, Jos\u00e9 \u00c1ngel Trumpetaz, Harley L\u00f3pez Flores, Edwin David \u00c1lvarez Aguilar y H\u00e9ctor Velasco Garc\u00eda.&nbsp;<\/p>\n\n\n\n<p>Diego Enrique Moreno Pacheco, Ulises Reyes Cortes, C\u00e9sar El\u00ed S\u00e1nchez Dom\u00ednguez, H\u00e9ctor Eduardo S\u00e1nchez Cuevas, Jorge Torres Villase\u00f1or, Jes\u00fas David Hern\u00e1ndez R\u00edos, Rigoberto Pinacho P\u00e9rez, Sebasti\u00e1n Gregorio P\u00e9rez Texis, Jorge Arturo Aportela Ramos, Carlos Miguel Mart\u00ednez Rasgado, Edgar Mart\u00ednez Velasco, y Alan Gabriel Zurita Reyes.&nbsp;<\/p>\n\n\n\n<p>Debido a que el patr\u00f3n de desaparecer y no dar la cara se repite una y otra vez, las activistas han solicitado ayuda de la ciudadan\u00eda para dar con el paradero de los deudores alimentarios, a quienes acusan de delincuentes por no querer hacerse responsables de las infancias.&nbsp;<\/p>\n\n\n\n<p>\u201cSe buscan deudores alimentarioS. Son los delincuentes que nos compartieron madres que no les han podido notificar porque no tienen domicilio fijo y se la pasan escondi\u00e9ndose como ratas\u201d. Este s\u00e1bado, el tendedero de deudores alimentarios se realizar\u00e1 en la ciudad de Juchit\u00e1n de Zaragoza por lo que se espera que las denuncias p\u00fablicas siguen incrementando.<\/p>\n","protected":false},"excerpt":{"rendered":"<p>Evlin Arag\u00f3n\/Zona Roja. Oaxaca de Ju\u00e1rez, Oax., 30 de julio de 2021.- \u201cMi denuncia penal&hellip;<\/p>\n","protected":false},"author":2,"featured_media":30337,"comment_status":"closed","ping_status":"open","sticky":false,"template":"","format":"standard","meta":{"_lmt_disableupdate":"","_lmt_disable":"","_jetpack_memberships_contains_paid_content":false,"footnotes":""},"categories":[109,47],"tags":[2800],"class_list":["post-30336","post","type-post","status-publish","format-standard","has-post-thumbnail","hentry","category-minuto-a-minuto","category-zona-gris","tag-deudores-alimentarios-oaxaca"],"jetpack_featured_media_url":"https:\/\/zonaroja.com.mx\/wp-content\/uploads\/2021\/07\/Tendedero-deudores-alumentarios.jpg","jetpack_sharing_enabled":true,"_links":{"self":[{"href":"https:\/\/zonaroja.com.mx\/index.php?rest_route=\/wp\/v2\/posts\/30336","targetHints":{"allow":["GET"]}}],"collection":[{"href":"https:\/\/zonaroja.com.mx\/index.php?rest_route=\/wp\/v2\/posts"}],"about":[{"href":"https:\/\/zonaroja.com.mx\/index.php?rest_route=\/wp\/v2\/types\/post"}],"author":[{"embeddable":true,"href":"https:\/\/zonaroja.com.mx\/index.php?rest_route=\/wp\/v2\/users\/2"}],"replies":[{"embeddable":true,"href":"https:\/\/zonaroja.com.mx\/index.php?rest_route=%2Fwp%2Fv2%2Fcomments&post=30336"}],"version-history":[{"count":1,"href":"https:\/\/zonaroja.com.mx\/index.php?rest_route=\/wp\/v2\/posts\/30336\/revisions"}],"predecessor-version":[{"id":30338,"href":"https:\/\/zonaroja.com.mx\/index.php?rest_route=\/wp\/v2\/posts\/30336\/revisions\/30338"}],"wp:featuredmedia":[{"embeddable":true,"href":"https:\/\/zonaroja.com.mx\/index.php?rest_route=\/wp\/v2\/media\/30337"}],"wp:attachment":[{"href":"https:\/\/zonaroja.com.mx\/index.php?rest_route=%2Fwp%2Fv2%2Fmedia&parent=30336"}],"wp:term":[{"taxonomy":"category","embeddable":true,"href":"https:\/\/zonaroja.com.mx\/index.php?rest_route=%2Fwp%2Fv2%2Fcategories&post=30336"},{"taxonomy":"post_tag","embeddable":true,"href":"https:\/\/zonaroja.com.mx\/index.php?rest_route=%2Fwp%2Fv2%2Ftags&post=30336"}],"curies":[{"name":"wp","href":"https:\/\/api.w.org\/{rel}","templated":true}]}}