{"id":30339,"date":"2021-07-30T20:46:57","date_gmt":"2021-07-31T01:46:57","guid":{"rendered":"http:\/\/www.zonaroja.com.mx\/?p=30339"},"modified":"2021-07-30T22:51:45","modified_gmt":"2021-07-31T03:51:45","slug":"desacata-segego-orden-de-un-juez-y-poblacion-de-oaxaca-retiene-a-diputada","status":"publish","type":"post","link":"https:\/\/zonaroja.com.mx\/?p=30339","title":{"rendered":"Desacata Segego orden de un juez en Juquila Mixe; en bloqueo, Mazatl\u00e1n retiene a diputada"},"content":{"rendered":"\n<p>Ismael Garc\u00eda M.\/Zona Roja.<\/p>\n\n\n\n<p>Oaxaca de Ju\u00e1rez, Oax., 30 de julio de 2021.- La Secretar\u00eda General del Gobierno de Oaxaca (Segego) desacat\u00f3 la orden de un juez de retornar a pobladores de la agencia Guadalupe Victoria a su comunidad, por lo cual, bloquean los trabajos de la supercarretera Oaxaca-Istmo, en jurisdicci\u00f3n de San Juan Juquila Mixe, regi\u00f3n Sierra Norte.<\/p>\n\n\n\n<p>El edil de Juquila Mixe, Ismael P\u00e9rez, confirm\u00f3 v\u00eda telef\u00f3nica a Radio ORO que la Segego incumpli\u00f3 la orden del Juez Quinto de Distrito, dictado el 7 de mayo pasado, para implementar el retorno de pobladores de Guadalupe Victoria, desplazados con violencia desde hace cuatro a\u00f1os y medio.<\/p>\n\n\n\n<p>El supuesto regreso se har\u00eda el 19 de mayo, pero unos 100 habitantes de San Pedro Ocotepec impidieron el paso, derivado de un conflicto entre comunidades,  por lo cual se frustr\u00f3 el retorno de los desplazados de Guadalupe Victoria.<\/p>\n\n\n\n<p>Por ello, desde ayer bloquearon los trabajos de construcci\u00f3n de la supercarretera Oaxaca-Istmo, a la altura de Santo Domingo Narro, jurisdicci\u00f3n del municipio de San Juan Juquila Mixe.<\/p>\n\n\n\n<p>En un comunicado, la Secretar\u00eda General de Gobierno se limit\u00f3 a detallar que ha hecho el esfuerzo por cumplir la orden del juez, pero que no se ha podido debido a la oposici\u00f3n de Ocotepec, por donde tiene que pasar la caravana para llegar a la agencia Guadalupe Victoria.<\/p>\n\n\n\n<p>DIPUTADA RETENIDA<\/p>\n\n\n\n<p>En otro hecho y seg\u00fan denunci\u00f3 el legislador \u00c1ngel Dom\u00ednguez Escobar, en un bloqueo carretero fue retenida \u201ccon lujo de violencia\u201d y esposada la diputada local por el PRI, Yarith Thannos Cruz.<\/p>\n\n\n\n<p>Ocurri\u00f3 mientras la representante popular intentaba cruzar la v\u00eda Trans\u00edstmica, a la altura de Boca del Monte, Guichicovi. <\/p>\n\n\n\n<p>Fue por parte de habitantes de San Juan Mazatl\u00e1n Mixe, quienes desde hace cinco d\u00edas han cerrado la v\u00eda, quienes tomaron la iniciativa de privar de su libertad a la diputada. <\/p>\n\n\n\n<p>Esta noche, la Secretar\u00eda General de Gobierno pidi\u00f3 al Congreso del Estado tomar las medidas correspondientes para destituir al edil Macario Eleuterio Jim\u00e9nez debido a su negativa para atender las exigencias de las agencias municipales. <\/p>\n","protected":false},"excerpt":{"rendered":"<p>Ismael Garc\u00eda M.\/Zona Roja. Oaxaca de Ju\u00e1rez, Oax., 30 de julio de 2021.- La Secretar\u00eda&hellip;<\/p>\n","protected":false},"author":2,"featured_media":30340,"comment_status":"closed","ping_status":"open","sticky":false,"template":"","format":"standard","meta":{"_lmt_disableupdate":"","_lmt_disable":"","_jetpack_memberships_contains_paid_content":false,"footnotes":""},"categories":[109,47],"tags":[2822],"class_list":["post-30339","post","type-post","status-publish","format-standard","has-post-thumbnail","hentry","category-minuto-a-minuto","category-zona-gris","tag-san-juan-juquila-mixe"],"jetpack_featured_media_url":"https:\/\/zonaroja.com.mx\/wp-content\/uploads\/2021\/07\/Bloqueo-San-Juan-Juquila-Mixe.jpg","jetpack_sharing_enabled":true,"_links":{"self":[{"href":"https:\/\/zonaroja.com.mx\/index.php?rest_route=\/wp\/v2\/posts\/30339","targetHints":{"allow":["GET"]}}],"collection":[{"href":"https:\/\/zonaroja.com.mx\/index.php?rest_route=\/wp\/v2\/posts"}],"about":[{"href":"https:\/\/zonaroja.com.mx\/index.php?rest_route=\/wp\/v2\/types\/post"}],"author":[{"embeddable":true,"href":"https:\/\/zonaroja.com.mx\/index.php?rest_route=\/wp\/v2\/users\/2"}],"replies":[{"embeddable":true,"href":"https:\/\/zonaroja.com.mx\/index.php?rest_route=%2Fwp%2Fv2%2Fcomments&post=30339"}],"version-history":[{"count":2,"href":"https:\/\/zonaroja.com.mx\/index.php?rest_route=\/wp\/v2\/posts\/30339\/revisions"}],"predecessor-version":[{"id":30351,"href":"https:\/\/zonaroja.com.mx\/index.php?rest_route=\/wp\/v2\/posts\/30339\/revisions\/30351"}],"wp:featuredmedia":[{"embeddable":true,"href":"https:\/\/zonaroja.com.mx\/index.php?rest_route=\/wp\/v2\/media\/30340"}],"wp:attachment":[{"href":"https:\/\/zonaroja.com.mx\/index.php?rest_route=%2Fwp%2Fv2%2Fmedia&parent=30339"}],"wp:term":[{"taxonomy":"category","embeddable":true,"href":"https:\/\/zonaroja.com.mx\/index.php?rest_route=%2Fwp%2Fv2%2Fcategories&post=30339"},{"taxonomy":"post_tag","embeddable":true,"href":"https:\/\/zonaroja.com.mx\/index.php?rest_route=%2Fwp%2Fv2%2Ftags&post=30339"}],"curies":[{"name":"wp","href":"https:\/\/api.w.org\/{rel}","templated":true}]}}