{"id":3034,"date":"2019-08-12T19:05:56","date_gmt":"2019-08-13T00:05:56","guid":{"rendered":"http:\/\/www.zonaroja.com.mx\/?p=3034"},"modified":"2019-08-12T19:05:59","modified_gmt":"2019-08-13T00:05:59","slug":"el-criminal-dano-a-la-poblacion-por-la-desidia-en-servicios-de-salud","status":"publish","type":"post","link":"https:\/\/zonaroja.com.mx\/?p=3034","title":{"rendered":"El criminal da\u00f1o a la poblaci\u00f3n por la desidia en Servicios de Salud"},"content":{"rendered":"\n<p>Evlin Arag\u00f3n\/Zona Roja.<\/p>\n\n\n\n<p>Oaxaca de Ju\u00e1rez, Oax., 12 de agosto de 2019.- Los reclamos, por todos\nlados. Mujeres embarazadas, madres de familia con hijos en brazos, personas en\nsillas de rueda, gente humilde, sin dinero, que se qued\u00f3 sin servicios este\nlunes.<\/p>\n\n\n\n<p>La escena, en el exterior del Hospital General \u201cDr. Aurelio Valdivieso\u201d,\ndependiente de los Servicios de Salud de Oaxaca. <\/p>\n\n\n\n<p>&#8211;Yo traigo a mi hija desvelada, porque as\u00ed lo pide el m\u00e9dico; sufre\nepilepsia, ten\u00eda cita hoy y mire, no hay servicio \u2013dice un hombre con\ndocumentos en mano.<\/p>\n\n\n\n<p>&#8211;Les ruego tengan paciencia, es culpa del gobierno, no de nosotros;\ndesde el jueves estamos pidiendo que resuelvan la situaci\u00f3n y devuelvan\nnuestros ahorros y no lo hacen \u2013les devuelve el dirigente sindical Carlos\nAlberto Bautista, en plena calle.<\/p>\n\n\n\n<p>&#8211;Los entendemos pero tambi\u00e9n enti\u00e9ndanos, venimos de comunidades\nlejanas, no tenemos suficiente dinero, pagamos mucho de pasaje, de comida, y\nmire \u2013a\u00f1ade otra mujer.<\/p>\n\n\n\n<p>&#8211;Lo s\u00e9, les pido paciencia; si hoy resuelve el gobierno, si hoy resuelve el secretario de Salud, hoy mismo reprogramamos o atendemos \u2013remarca el secretario de Organizaci\u00f3n de la Secci\u00f3n 35.<\/p>\n\n\n\n<figure class=\"wp-block-embed-twitter wp-block-embed is-type-rich is-provider-twitter\"><div class=\"wp-block-embed__wrapper\">\n<div class=\"twitter-tweet\"><blockquote class=\"twitter-tweet\" data-lang=\"es\"><p lang=\"es\" dir=\"ltr\"><a href=\"https:\/\/twitter.com\/hashtag\/OaxacaGris?src=hash&amp;ref_src=twsrc%5Etfw\">#OaxacaGris<\/a><br>Esta es una de las graves afectaciones a la poblaci\u00f3n de escasos recursos econ\u00f3micos por falta de atenci\u00f3n en el Hospital Civil; ninguna autoridad de los <a href=\"https:\/\/twitter.com\/SSO_GobOax?ref_src=twsrc%5Etfw\">@SSO_GobOax<\/a> que preside <a href=\"https:\/\/twitter.com\/Donato_Casas?ref_src=twsrc%5Etfw\">@Donato_Casas<\/a> ha acudido a informarles qu\u00e9 procede, c\u00f3mo y cu\u00e1ndo los atender\u00e1n. <a href=\"https:\/\/t.co\/XvTp7RMcph\">pic.twitter.com\/XvTp7RMcph<\/a><\/p>&mdash; Zona Roja Oaxaca (@MexRoja) <a href=\"https:\/\/twitter.com\/MexRoja\/status\/1160960402726854656?ref_src=twsrc%5Etfw\">12 de agosto de 2019<\/a><\/blockquote><\/div>\n<\/div><\/figure>\n\n\n\n<p>Este lunes, personal de base, regularizado y formalizado del Hospital\nCivil par\u00f3 labores para exigir a los Servicios de Salud de Oaxaca el pago\npendiente del Fondo de Ahorro Estatal Capitalizable (FAEC).<\/p>\n\n\n\n<p>Desde temprana hora, decenas de personas provenientes de diferentes\npartes de la entidad se han visto afectadas con la falta de servicio al llegar\nal nosocomio y ver el acceso principal cerrado, con pancartas de protesta por\nparte del personal, que \u00fanicamente atiende las \u00e1reas de urgencias,\nhospitalizaci\u00f3n y laboratorio.<\/p>\n\n\n\n<p>Dos letreros improvisados con las leyendas \u201cNo hay servicio por falta de\npago FAEC\u201d y \u201cExigimos pago del FAEC\u201d firmados por la Sub Secci\u00f3n 07, son el\n\u00fanico medio por el cual se informa a las personas de la tercera edad, mujeres\nembarazadas o con beb\u00e9 en brazos e incluso una persona en silla de ruedas que\narribaron este lunes al nosocomio para recibir consulta.&nbsp; <\/p>\n\n\n\n<p>Carlos Alberto P\u00e9rez Bautista, secretario de Organizaci\u00f3n de la Secci\u00f3n\n35 del Sindicato Nacional de Trabajadores de la Secretar\u00eda de Salud, explic\u00f3\nque se trata de un aproximado de 200 millones de pesos que el Gobierno del\nEstado debe reembolsar a los trabajadores como parte de su ahorro.<\/p>\n\n\n\n<p>\u201cEse dinero lo manejo el Gobierno del Estado durante un a\u00f1o y lo tiene\nque devolver al trabajador con los intereses que haya generado, no es un\nregalo, se trata de un recurso producto de sus ahorros de los trabajadores que\ntiene que ser reembolsado\u201d, dijo en entrevista.<\/p>\n\n\n\n<p>CULPA DEL GOBIERNO<\/p>\n\n\n\n<p>P\u00e9rez Bautista lament\u00f3 la suspensi\u00f3n del servicio de consulta externa que afecta directamente a la poblaci\u00f3n usuaria de los servicios de salud, sin embargo dijo que los responsable son el Gobierno del Estado y los Servicios de Salud por no cumplir con sus obligaciones en tiempo y forma.<\/p>\n\n\n\n<figure class=\"wp-block-embed-twitter wp-block-embed is-type-rich is-provider-twitter\"><div class=\"wp-block-embed__wrapper\">\n<div class=\"twitter-tweet\"><blockquote class=\"twitter-tweet\" data-lang=\"es\"><p lang=\"es\" dir=\"ltr\"><a href=\"https:\/\/twitter.com\/hashtag\/ENVIVO?src=hash&amp;ref_src=twsrc%5Etfw\">#ENVIVO<\/a><br>Ciudad de Oaxaca, Oax. <br>Contin\u00faa el paro de labores de trabajadores sindicalizados de la dependencia Servicios de Salud; las mayores afectaciones se registran en el Hospital Civil \u201cDr. Aurelio Valdivieso\u201d.<br>\ud83d\udc47<a href=\"https:\/\/t.co\/tf8fXpxyXh\">https:\/\/t.co\/tf8fXpxyXh<\/a> <a href=\"https:\/\/t.co\/UmHgiKUa9I\">pic.twitter.com\/UmHgiKUa9I<\/a><\/p>&mdash; Zona Roja Oaxaca (@MexRoja) <a href=\"https:\/\/twitter.com\/MexRoja\/status\/1160945250392608769?ref_src=twsrc%5Etfw\">12 de agosto de 2019<\/a><\/blockquote><\/div>\n<\/div><\/figure>\n\n\n\n<p>De acuerdo con el Comit\u00e9 Ejecutivo Seccional, el pago debi\u00f3 hacerse a\npartir del primer d\u00eda de agosto, sin embargo, lo anterior no sucedi\u00f3, por lo\nque se convoc\u00f3 a Asamblea Permanente desde el pasado jueves 8 de agosto,\ndejando \u00fanicamente los servicios urgencias, hospitalizaci\u00f3n, laboratorio y\ncocina.<\/p>\n\n\n\n<p>Por su parte el jueves pasado los Servicios de Salud de Oaxaca\ninformaron que ser\u00e1 antes del 15 de agosto que se realizar\u00e1 el pago de\nconformidad con el Manual de Lineamientos para la Operaci\u00f3n del Fondo de Ahorro\nEstatal Capitalizable de los Trabajadores al Servicio del Estado.<\/p>\n\n\n\n<p>Un d\u00eda despu\u00e9s y mediante oficio dirigido a la Secci\u00f3n Sindical, la\nautoridad en materia de Salud representada por Gustavo Ruiz Garnica, en su\ncalidad de director administrativo, se comprometi\u00f3 a realizar el pago mediante\ndispersi\u00f3n electr\u00f3nica a partir de este lunes 12 de agosto.<\/p>\n\n\n\n<p>Pese a lo anterior el personal se manten\u00eda en Asamblea Permanente en la\nmayor\u00eda de los centros de salud, cl\u00ednicas y hospitales de la entidad, traducida\nen hacer presencia en sus centros de trabajo pero sin llevar a cabo su\nactividad, tambi\u00e9n denominada \u201cbrazos ca\u00eddos\u201d como medida de protesta y\nexigencia de su pago.<\/p>\n\n\n\n<p>Por la tarde, se inform\u00f3 de manera extraoficial que ya hab\u00eda sido atendida la demanda, en consecuencia los servicios se normalizaron.<\/p>\n\n\n\n<figure class=\"wp-block-embed-twitter wp-block-embed is-type-rich is-provider-twitter\"><div class=\"wp-block-embed__wrapper\">\n<div class=\"twitter-tweet\"><blockquote class=\"twitter-tweet\" data-lang=\"es\"><p lang=\"es\" dir=\"ltr\">Uno de los ejes de mi gobierno es garantizar el acceso a la salud; junto al Srio. <a href=\"https:\/\/twitter.com\/Donato_Casas?ref_src=twsrc%5Etfw\">@Donato_Casas<\/a> y el Srio. Gral. de la Secci\u00f3n 35 SNTSA, <a href=\"https:\/\/twitter.com\/MarioFelixP?ref_src=twsrc%5Etfw\">@MarioFelixP<\/a>, trabajamos en asegurar el funcionamiento y ejecuci\u00f3n de los programas de los <a href=\"https:\/\/twitter.com\/SSO_GobOax?ref_src=twsrc%5Etfw\">@SSO_GobOax<\/a>, en beneficio de la poblaci\u00f3n oaxaque\u00f1a. <a href=\"https:\/\/t.co\/9Asg02kYqi\">pic.twitter.com\/9Asg02kYqi<\/a><\/p>&mdash; Alejandro Murat (@alejandromurat) <a href=\"https:\/\/twitter.com\/alejandromurat\/status\/1161020370826215426?ref_src=twsrc%5Etfw\">12 de agosto de 2019<\/a><\/blockquote><\/div>\n<\/div><\/figure>\n","protected":false},"excerpt":{"rendered":"<p>Evlin Arag\u00f3n\/Zona Roja. Oaxaca de Ju\u00e1rez, Oax., 12 de agosto de 2019.- Los reclamos, por&hellip;<\/p>\n","protected":false},"author":2,"featured_media":3035,"comment_status":"closed","ping_status":"open","sticky":false,"template":"","format":"standard","meta":{"_lmt_disableupdate":"","_lmt_disable":"","_jetpack_memberships_contains_paid_content":false,"footnotes":""},"categories":[109,47],"tags":[540,238],"class_list":["post-3034","post","type-post","status-publish","format-standard","has-post-thumbnail","hentry","category-minuto-a-minuto","category-zona-gris","tag-seccion-35-sntssa","tag-servicios-de-salud-de-oaxaca"],"jetpack_featured_media_url":"https:\/\/zonaroja.com.mx\/wp-content\/uploads\/2019\/08\/eZy-Watermark_12-08-2019_06-51-55p.-m..jpg","jetpack_sharing_enabled":true,"_links":{"self":[{"href":"https:\/\/zonaroja.com.mx\/index.php?rest_route=\/wp\/v2\/posts\/3034","targetHints":{"allow":["GET"]}}],"collection":[{"href":"https:\/\/zonaroja.com.mx\/index.php?rest_route=\/wp\/v2\/posts"}],"about":[{"href":"https:\/\/zonaroja.com.mx\/index.php?rest_route=\/wp\/v2\/types\/post"}],"author":[{"embeddable":true,"href":"https:\/\/zonaroja.com.mx\/index.php?rest_route=\/wp\/v2\/users\/2"}],"replies":[{"embeddable":true,"href":"https:\/\/zonaroja.com.mx\/index.php?rest_route=%2Fwp%2Fv2%2Fcomments&post=3034"}],"version-history":[{"count":1,"href":"https:\/\/zonaroja.com.mx\/index.php?rest_route=\/wp\/v2\/posts\/3034\/revisions"}],"predecessor-version":[{"id":3036,"href":"https:\/\/zonaroja.com.mx\/index.php?rest_route=\/wp\/v2\/posts\/3034\/revisions\/3036"}],"wp:featuredmedia":[{"embeddable":true,"href":"https:\/\/zonaroja.com.mx\/index.php?rest_route=\/wp\/v2\/media\/3035"}],"wp:attachment":[{"href":"https:\/\/zonaroja.com.mx\/index.php?rest_route=%2Fwp%2Fv2%2Fmedia&parent=3034"}],"wp:term":[{"taxonomy":"category","embeddable":true,"href":"https:\/\/zonaroja.com.mx\/index.php?rest_route=%2Fwp%2Fv2%2Fcategories&post=3034"},{"taxonomy":"post_tag","embeddable":true,"href":"https:\/\/zonaroja.com.mx\/index.php?rest_route=%2Fwp%2Fv2%2Ftags&post=3034"}],"curies":[{"name":"wp","href":"https:\/\/api.w.org\/{rel}","templated":true}]}}