{"id":30342,"date":"2021-07-30T21:30:47","date_gmt":"2021-07-31T02:30:47","guid":{"rendered":"http:\/\/www.zonaroja.com.mx\/?p=30342"},"modified":"2021-07-30T21:30:51","modified_gmt":"2021-07-31T02:30:51","slug":"confirman-que-retiro-de-ambulantes-de-la-ciudad-de-oaxaca-fue-por-filmacion","status":"publish","type":"post","link":"https:\/\/zonaroja.com.mx\/?p=30342","title":{"rendered":"Confirman que retiro de ambulantes de la ciudad de Oaxaca fue por filmaci\u00f3n"},"content":{"rendered":"\n<p>Ismael Garc\u00eda M.\/Zona Roja.<\/p>\n\n\n\n<p>Oaxaca de Ju\u00e1rez, Oax., 30 de julio de 2021.- A pesar de que el ayuntamiento de Oaxaca de Ju\u00e1rez neg\u00f3 la semana pasada que el retiro de vendedores ambulantes fuera por la filmaci\u00f3n de una pel\u00edcula, este jueves inici\u00f3 el rodaje de un filme en el Centro Hist\u00f3rico.<\/p>\n\n\n\n<p>Al menos unas 10 unidades de motor de la empresa Equipment &amp; Film Design se encuentran en el contorno de la Casa de la Cultura Oaxaque\u00f1a, donde inici\u00f3 un rodaje \u201csobre las costumbres y tradiciones\u201d de la entidad, seg\u00fan los responsables de los trabajos.<\/p>\n\n\n\n<p>Este fin de semana se rodar\u00eda en el primer cuadro de la ciudad, incluyendo el z\u00f3calo, la Alameda de Le\u00f3n y el Andador Tur\u00edstico, para lo cual elementos de la Polic\u00eda Municipal han restringido el acceso a quienes cuentan con c\u00e1mara de fotograf\u00eda o de video.<\/p>\n\n\n\n<p>Este mediod\u00eda, los productores negaron a algunos medios informativos proporcionar detalles del rodaje e incluso una mujer, que no quiso identificarse, imped\u00eda la toma de videos y fotograf\u00edas.<\/p>\n\n\n\n<figure class=\"wp-block-embed-twitter wp-block-embed is-type-rich is-provider-twitter\"><div class=\"wp-block-embed__wrapper\">\n<div class=\"twitter-tweet\"><blockquote class=\"twitter-tweet\" data-lang=\"es\"><p lang=\"es\" dir=\"ltr\"><a href=\"https:\/\/twitter.com\/hashtag\/%C3%9AltimoMinuto?src=hash&amp;ref_src=twsrc%5Etfw\">#\u00daltimoMinuto<\/a> <br>Mientras edil <a href=\"https:\/\/twitter.com\/oswaldogarciaj?ref_src=twsrc%5Etfw\">@oswaldogarciaj<\/a> niega haber dado permiso para filmaci\u00f3n y por lo cual cerr\u00f3 el Centro Hist\u00f3rico e impiden tomas fotos y video, en la Casa de la Cultura Oaxaque\u00f1a inicia rodaje, en que empresarios for\u00e1neos tambi\u00e9n proh\u00edben tomar im\u00e1genes. <a href=\"https:\/\/t.co\/AvY37gQwmA\">pic.twitter.com\/AvY37gQwmA<\/a><\/p>&mdash; Zona Roja Oaxaca (@Zona_Roja_Oax) <a href=\"https:\/\/twitter.com\/Zona_Roja_Oax\/status\/1421173891804844039?ref_src=twsrc%5Etfw\">30 de julio de 2021<\/a><\/blockquote><\/div>\n<\/div><\/figure>\n\n\n\n<p>LA NEGACI\u00d3N<\/p>\n\n\n\n<p>Desde que inici\u00f3 el retiro de ambulantes del primer cuadro de la capital y se instalaron vallas con polic\u00edas, el pasado 15 de julio, comenzaron los rumores que fue para preparar el escenario para una pel\u00edcula y no por el inter\u00e9s de rescatar el Centro Hist\u00f3rico, en manos de comerciantes informales.<\/p>\n\n\n\n<p>Ante ello, el 19 de julio, la autoridad municipal que preside el edil morenista Oswaldo Garc\u00eda Jarqu\u00edn precis\u00f3:<\/p>\n\n\n\n<p>\u201cEl ayuntamiento de Oaxaca de Ju\u00e1rez, a trav\u00e9s de la Regidur\u00eda de Gobierno y Espect\u00e1culos y de Medio Ambiente y Recursos Naturales, informa que no ha otorgado ning\u00fan tipo de permiso o autorizaci\u00f3n para la filmaci\u00f3n o grabaci\u00f3n de una \u2018pel\u00edcula\u2019 en el Centro Hist\u00f3rico de la ciudad capital, como lo han difundido medios de comunicaci\u00f3n locales.<\/p>\n\n\n\n<p>\u201cHan asegurado, adem\u00e1s, que el operativo contra el comercio informal que inici\u00f3 el gobierno municipal el pasado jueves 15 de julio se debe a la grabaci\u00f3n, versi\u00f3n que es totalmente falsa.<\/p>\n\n\n\n<p>\u201cSobre el tema, la regidora de Gobierno y Espect\u00e1culos y de Medio Ambiente y Recursos Naturales, Luz Mar\u00eda Soledad Canseco V\u00e1squez, inform\u00f3 que ante la concejal\u00eda o la Comisi\u00f3n de Gobierno y Espect\u00e1culos, que es la \u00fanica autoridad competente para emitir la autorizaci\u00f3n de ese tipo de eventos, no ha llegado ning\u00fan documento de solicitud.<\/p>\n\n\n\n<p>\u201cSubray\u00f3 que, en caso de que se llevaran a cabo grabaciones sin el permiso de la autoridad municipal, el ayuntamiento de Oaxaca de Ju\u00e1rez actuar\u00e1 en apego a los reglamentos vigentes y en cumplimiento a las disposiciones aprobadas por el Cabildo.<\/p>\n\n\n\n<p>\u201cEs de hacer menci\u00f3n que para llevar a cabo un evento o actividad que implique videograbaciones, en el Centro Hist\u00f3rico, se requiere de la autorizaci\u00f3n del Gobierno Municipal, para ello es necesario realizar una solicitud previa, con al menos 20 d\u00edas de anticipaci\u00f3n, ante la Unidad de Atenci\u00f3n Empresarial de la Direcci\u00f3n de Econom\u00eda, donde se solicitar\u00e1n a la o el interesado una serie de requisitos que se debe cumplir.<\/p>\n\n\n\n<p>Sin embargo, este viernes el equipo de producci\u00f3n de na pel\u00edcula cuyo t\u00edtulo y detalles a\u00fan se desconoce, inici\u00f3 el rodaje.<\/p>\n","protected":false},"excerpt":{"rendered":"<p>Ismael Garc\u00eda M.\/Zona Roja. Oaxaca de Ju\u00e1rez, Oax., 30 de julio de 2021.- A pesar&hellip;<\/p>\n","protected":false},"author":2,"featured_media":30343,"comment_status":"closed","ping_status":"open","sticky":false,"template":"","format":"standard","meta":{"_lmt_disableupdate":"","_lmt_disable":"","_jetpack_memberships_contains_paid_content":false,"footnotes":""},"categories":[109,47],"tags":[2315],"class_list":["post-30342","post","type-post","status-publish","format-standard","has-post-thumbnail","hentry","category-minuto-a-minuto","category-zona-gris","tag-ayuntamiento-de-oaxaca-de-juarez"],"jetpack_featured_media_url":"https:\/\/zonaroja.com.mx\/wp-content\/uploads\/2021\/07\/Filmacion-Casa-de-la-Cultura.jpg","jetpack_sharing_enabled":true,"_links":{"self":[{"href":"https:\/\/zonaroja.com.mx\/index.php?rest_route=\/wp\/v2\/posts\/30342","targetHints":{"allow":["GET"]}}],"collection":[{"href":"https:\/\/zonaroja.com.mx\/index.php?rest_route=\/wp\/v2\/posts"}],"about":[{"href":"https:\/\/zonaroja.com.mx\/index.php?rest_route=\/wp\/v2\/types\/post"}],"author":[{"embeddable":true,"href":"https:\/\/zonaroja.com.mx\/index.php?rest_route=\/wp\/v2\/users\/2"}],"replies":[{"embeddable":true,"href":"https:\/\/zonaroja.com.mx\/index.php?rest_route=%2Fwp%2Fv2%2Fcomments&post=30342"}],"version-history":[{"count":1,"href":"https:\/\/zonaroja.com.mx\/index.php?rest_route=\/wp\/v2\/posts\/30342\/revisions"}],"predecessor-version":[{"id":30344,"href":"https:\/\/zonaroja.com.mx\/index.php?rest_route=\/wp\/v2\/posts\/30342\/revisions\/30344"}],"wp:featuredmedia":[{"embeddable":true,"href":"https:\/\/zonaroja.com.mx\/index.php?rest_route=\/wp\/v2\/media\/30343"}],"wp:attachment":[{"href":"https:\/\/zonaroja.com.mx\/index.php?rest_route=%2Fwp%2Fv2%2Fmedia&parent=30342"}],"wp:term":[{"taxonomy":"category","embeddable":true,"href":"https:\/\/zonaroja.com.mx\/index.php?rest_route=%2Fwp%2Fv2%2Fcategories&post=30342"},{"taxonomy":"post_tag","embeddable":true,"href":"https:\/\/zonaroja.com.mx\/index.php?rest_route=%2Fwp%2Fv2%2Ftags&post=30342"}],"curies":[{"name":"wp","href":"https:\/\/api.w.org\/{rel}","templated":true}]}}