{"id":30345,"date":"2021-07-30T21:51:29","date_gmt":"2021-07-31T02:51:29","guid":{"rendered":"http:\/\/www.zonaroja.com.mx\/?p=30345"},"modified":"2021-07-30T21:51:33","modified_gmt":"2021-07-31T02:51:33","slug":"covid-sin-tregua-en-oaxaca-y-podrian-triplicarse-casos-hoy-437-positivos","status":"publish","type":"post","link":"https:\/\/zonaroja.com.mx\/?p=30345","title":{"rendered":"Covid sin tregua en Oaxaca y podr\u00edan triplicarse casos; hoy 437 positivos"},"content":{"rendered":"\n<p>Redacci\u00f3n\/Zona Roja.<\/p>\n\n\n\n<p>Oaxaca de Ju\u00e1rez, Oax., 30 de julio de 2021.- La pandemia por Covid-19 no da tregua en la entidad, ya que los casos activos a causa de este padecimiento viral contin\u00faan aumentando y rompiendo r\u00e9cords, al registrarse este viernes, dos mil 454 personas en fase activa de la enfermedad, informaron los Servicios de Salud de Oaxaca (SSO).<\/p>\n\n\n\n<p>La dependencia indic\u00f3 que, de seguir este ritmo, si la poblaci\u00f3n no aplica estrictamente las medidas de prevenci\u00f3n y protecci\u00f3n, la cifra podr\u00eda llegar a triplicarse en el peor escenario del pico de esta tercera ola.<\/p>\n\n\n\n<p>Los SSO indicaron que este incremento tambi\u00e9n se refleja en el n\u00famero de pacientes hospitalizados, al pasar de 90 -contabilizados el 1 de julio- a 275 este d\u00eda, es decir, en un mes la cifra de personas que tuvieron que ingresar a un hospital por complicaciones derivadas de esta enfermedad respiratoria fue tres veces m\u00e1s.<\/p>\n\n\n\n<p>En este sentido, la ocupaci\u00f3n global hospitalaria es de 65.8% con 19 hospitales que est\u00e1n al 100% de saturaci\u00f3n, ya que en las \u00faltimas 24 horas se notificaron 39 nuevos ingresos; por Jurisdicci\u00f3n Sanitaria, Valles Centrales contabiliza un 64.9%, Istmo 67.6%, Tuxtepec 82.2%, Costa 75%, Mixteca 50% y Sierra 0%.<\/p>\n\n\n\n<p>Y es que este viernes se contabilizaron 437 casos nuevos de Covid-19 y nueve decesos, sumando 54 mil 881 casos acumulados, y cuatro mil 145 defunciones; 48 mil 282 personas se han recuperado, hay cinco mil 661 casos sospechosos.<\/p>\n\n\n\n<figure class=\"wp-block-embed-twitter wp-block-embed is-type-rich is-provider-twitter\"><div class=\"wp-block-embed__wrapper\">\n<div class=\"twitter-tweet\"><blockquote class=\"twitter-tweet\" data-lang=\"es\"><p lang=\"es\" dir=\"ltr\"><a href=\"https:\/\/twitter.com\/hashtag\/%C3%9AltimoMinuto?src=hash&amp;ref_src=twsrc%5Etfw\">#\u00daltimoMinuto<\/a><br>\u00a1Covid al extremo en <a href=\"https:\/\/twitter.com\/hashtag\/Oaxaca?src=hash&amp;ref_src=twsrc%5Etfw\">#Oaxaca<\/a>! El reporte de Servicios de Salud:<br>* 437 casos positivos, para un total de 54 mil 881 confirmados.<br>* 9 decesos,para un acumulado de 4 mil 145 fallecimientos.<br>* 19 hospitales llenos de pacientes.<br>* 65.8% promedio de ocupaci\u00f3n hospitalaria <a href=\"https:\/\/t.co\/gmgwzRHZtX\">pic.twitter.com\/gmgwzRHZtX<\/a><\/p>&mdash; Zona Roja Oaxaca (@Zona_Roja_Oax) <a href=\"https:\/\/twitter.com\/Zona_Roja_Oax\/status\/1421281292046401537?ref_src=twsrc%5Etfw\">31 de julio de 2021<\/a><\/blockquote><\/div>\n<\/div><\/figure>\n\n\n\n<p>Por Jurisdicci\u00f3n Sanitaria, Valles Centrales contabiliza 34 mil 926 casos confirmados y mil 946 defunciones; Istmo seis mil 444 casos confirmados y 857 muertes; Tuxtepec tres mil 463 casos confirmados y 360 fallecimientos; Costa tres mil 707 casos confirmados y 337 p\u00e9rdidas fatales; Mixteca cuatro mil 481 casos confirmados y 417 defunciones, Sierra mil 860 casos confirmados y 228 decesos.<\/p>\n\n\n\n<p>Los 437 casos nuevos afectan a 82 municipios, siendo Oaxaca de Ju\u00e1rez el primer lugar con 56, seguido de San Pedro Mixtepec (Distrito 22) 42, Heroica Ciudad de Tlaxiaco 33, Santa Mar\u00eda Huatulco 30, San Juan Bautista Tuxtepec 25, Miahuatl\u00e1n de Porfirio D\u00edaz 20, Salina Cruz 17, Santa Luc\u00eda del Camino 12, Ciudad Ixtepec 11, Santiago Juxtlahuaca y Santo Domingo Tehuantepec 10 cada uno, el resto de nueve a un solo caso.<\/p>\n\n\n\n<p>La instituci\u00f3n pide a la poblaci\u00f3n no bajar la guardia y extremar las medidas sanitarias en lugares cerrados, usar correctamente el cubrebocas, mantener la sana distancia, y asumir con responsabilidad la aplicaci\u00f3n de las medidas sanitarias,&nbsp; cuidados para romper o mitigar esta tercera ola de contagios&nbsp; que afecta la entidad.<\/p>\n\n\n\n<p>(Comunicado)<\/p>\n","protected":false},"excerpt":{"rendered":"<p>Redacci\u00f3n\/Zona Roja. Oaxaca de Ju\u00e1rez, Oax., 30 de julio de 2021.- La pandemia por Covid-19&hellip;<\/p>\n","protected":false},"author":2,"featured_media":30346,"comment_status":"closed","ping_status":"open","sticky":false,"template":"","format":"standard","meta":{"_lmt_disableupdate":"","_lmt_disable":"","_jetpack_memberships_contains_paid_content":false,"footnotes":""},"categories":[109,47],"tags":[1512],"class_list":["post-30345","post","type-post","status-publish","format-standard","has-post-thumbnail","hentry","category-minuto-a-minuto","category-zona-gris","tag-coronavirus-oaxaca"],"jetpack_featured_media_url":"https:\/\/zonaroja.com.mx\/wp-content\/uploads\/2021\/07\/SSO-2-1.jpg","jetpack_sharing_enabled":true,"_links":{"self":[{"href":"https:\/\/zonaroja.com.mx\/index.php?rest_route=\/wp\/v2\/posts\/30345","targetHints":{"allow":["GET"]}}],"collection":[{"href":"https:\/\/zonaroja.com.mx\/index.php?rest_route=\/wp\/v2\/posts"}],"about":[{"href":"https:\/\/zonaroja.com.mx\/index.php?rest_route=\/wp\/v2\/types\/post"}],"author":[{"embeddable":true,"href":"https:\/\/zonaroja.com.mx\/index.php?rest_route=\/wp\/v2\/users\/2"}],"replies":[{"embeddable":true,"href":"https:\/\/zonaroja.com.mx\/index.php?rest_route=%2Fwp%2Fv2%2Fcomments&post=30345"}],"version-history":[{"count":1,"href":"https:\/\/zonaroja.com.mx\/index.php?rest_route=\/wp\/v2\/posts\/30345\/revisions"}],"predecessor-version":[{"id":30347,"href":"https:\/\/zonaroja.com.mx\/index.php?rest_route=\/wp\/v2\/posts\/30345\/revisions\/30347"}],"wp:featuredmedia":[{"embeddable":true,"href":"https:\/\/zonaroja.com.mx\/index.php?rest_route=\/wp\/v2\/media\/30346"}],"wp:attachment":[{"href":"https:\/\/zonaroja.com.mx\/index.php?rest_route=%2Fwp%2Fv2%2Fmedia&parent=30345"}],"wp:term":[{"taxonomy":"category","embeddable":true,"href":"https:\/\/zonaroja.com.mx\/index.php?rest_route=%2Fwp%2Fv2%2Fcategories&post=30345"},{"taxonomy":"post_tag","embeddable":true,"href":"https:\/\/zonaroja.com.mx\/index.php?rest_route=%2Fwp%2Fv2%2Ftags&post=30345"}],"curies":[{"name":"wp","href":"https:\/\/api.w.org\/{rel}","templated":true}]}}