{"id":30348,"date":"2021-07-30T22:29:26","date_gmt":"2021-07-31T03:29:26","guid":{"rendered":"http:\/\/www.zonaroja.com.mx\/?p=30348"},"modified":"2021-07-30T22:29:30","modified_gmt":"2021-07-31T03:29:30","slug":"reanudan-sanitzaciones-de-transporte-publico-ante-alza-de-covid","status":"publish","type":"post","link":"https:\/\/zonaroja.com.mx\/?p=30348","title":{"rendered":"Reanudan sanitzaciones de transporte p\u00fablico, ante alza de Covid"},"content":{"rendered":"\n<p>Redacci\u00f3n\/Zona Roja.<\/p>\n\n\n\n<p>Oaxaca de Ju\u00e1rez, Oax., 30 de julio de 2021.- Derivado del incremento de casos de Covid-19, las secretar\u00edas de Movilidad y de Seguridad P\u00fablica de Oaxaca, en coordinaci\u00f3n con los Servicios de Salud, intensificaron las acciones de prevenci\u00f3n de contagios de Covid-19.<\/p>\n\n\n\n<p>En la estaci\u00f3n Pueblo Nuevo del sistema Citybus inici\u00f3 la ma\u00f1ana de este viernes las actividades de sanitizaci\u00f3n del transporte p\u00fablico, principalmente taxis colectivos, camionetas y autobuses.<\/p>\n\n\n\n<p>Adem\u00e1s, personal de la Polic\u00eda Vial revis\u00f3 que los veh\u00edculos no viajaran con sobrecupo y, en su caso, hac\u00edan descender al pasajero extra para que utilizara otra unidad.<\/p>\n\n\n\n<p>De acuerdo con el director de Planeaci\u00f3n de la Secretar\u00eda de Movilidad, C\u00e9sar D\u00edaz Ordaz, la instrucci\u00f3n del titular de la dependencia, Arturo L\u00f3pez Sorroza, es apoyar al concesionario y a los transportistas a evitar contagios por Covid-19.<\/p>\n\n\n\n<p>Pero adem\u00e1s, a concientizar a los usuarios que es indispensable el uso de cubrebocas cuando se encuentre en un lugar p\u00fablico, pero sobre todo en el transporte, en que son espacios cerrados que podr\u00edan proliferar el virus.<\/p>\n\n\n\n<p>Agradeci\u00f3 la colaboraci\u00f3n del \u00e1rea de Vectores de los Servicios de Salud por apoyar esta iniciativa y anunci\u00f3 que acciones similares se efectuar\u00e1n en los pr\u00f3ximos d\u00edas en otros accesos a la capital del estado.<\/p>\n\n\n\n<p>Durante el d\u00eda, se atendieron aproximadamente 500 unidades de transporte, entre taxis de la capital, taxis colectivos, camionetas y autobuses de pasajeros.<\/p>\n\n\n\n<figure class=\"wp-block-embed-twitter wp-block-embed is-type-rich is-provider-twitter\"><div class=\"wp-block-embed__wrapper\">\n<div class=\"twitter-tweet\"><blockquote class=\"twitter-tweet\" data-lang=\"es\"><p lang=\"es\" dir=\"ltr\">Ante el incremento de casos de Covid-19 en <a href=\"https:\/\/twitter.com\/hashtag\/Oaxaca?src=hash&amp;ref_src=twsrc%5Etfw\">#Oaxaca<\/a>, la <a href=\"https:\/\/twitter.com\/SEMOVI_GobOax?ref_src=twsrc%5Etfw\">@SEMOVI_GobOax<\/a> reforz\u00f3 las acciones para sanitizar el transporte p\u00fablico, este viernes en la zona poniente de la capital, jurisdicci\u00f3n de la agencia de Pueblo Nuevo. <a href=\"https:\/\/t.co\/IOEf5fO59h\">pic.twitter.com\/IOEf5fO59h<\/a><\/p>&mdash; Zona Roja Oaxaca (@Zona_Roja_Oax) <a href=\"https:\/\/twitter.com\/Zona_Roja_Oax\/status\/1421304603228975106?ref_src=twsrc%5Etfw\">31 de julio de 2021<\/a><\/blockquote><\/div>\n<\/div><\/figure>\n","protected":false},"excerpt":{"rendered":"<p>Redacci\u00f3n\/Zona Roja. Oaxaca de Ju\u00e1rez, Oax., 30 de julio de 2021.- Derivado del incremento de&hellip;<\/p>\n","protected":false},"author":2,"featured_media":30349,"comment_status":"closed","ping_status":"open","sticky":false,"template":"","format":"standard","meta":{"_lmt_disableupdate":"","_lmt_disable":"","_jetpack_memberships_contains_paid_content":false,"footnotes":""},"categories":[109,47],"tags":[2484],"class_list":["post-30348","post","type-post","status-publish","format-standard","has-post-thumbnail","hentry","category-minuto-a-minuto","category-zona-gris","tag-secretaria-de-movilidad-semovi"],"jetpack_featured_media_url":"https:\/\/zonaroja.com.mx\/wp-content\/uploads\/2021\/07\/Semovi-sanitizacion-transporte.jpg","jetpack_sharing_enabled":true,"_links":{"self":[{"href":"https:\/\/zonaroja.com.mx\/index.php?rest_route=\/wp\/v2\/posts\/30348","targetHints":{"allow":["GET"]}}],"collection":[{"href":"https:\/\/zonaroja.com.mx\/index.php?rest_route=\/wp\/v2\/posts"}],"about":[{"href":"https:\/\/zonaroja.com.mx\/index.php?rest_route=\/wp\/v2\/types\/post"}],"author":[{"embeddable":true,"href":"https:\/\/zonaroja.com.mx\/index.php?rest_route=\/wp\/v2\/users\/2"}],"replies":[{"embeddable":true,"href":"https:\/\/zonaroja.com.mx\/index.php?rest_route=%2Fwp%2Fv2%2Fcomments&post=30348"}],"version-history":[{"count":1,"href":"https:\/\/zonaroja.com.mx\/index.php?rest_route=\/wp\/v2\/posts\/30348\/revisions"}],"predecessor-version":[{"id":30350,"href":"https:\/\/zonaroja.com.mx\/index.php?rest_route=\/wp\/v2\/posts\/30348\/revisions\/30350"}],"wp:featuredmedia":[{"embeddable":true,"href":"https:\/\/zonaroja.com.mx\/index.php?rest_route=\/wp\/v2\/media\/30349"}],"wp:attachment":[{"href":"https:\/\/zonaroja.com.mx\/index.php?rest_route=%2Fwp%2Fv2%2Fmedia&parent=30348"}],"wp:term":[{"taxonomy":"category","embeddable":true,"href":"https:\/\/zonaroja.com.mx\/index.php?rest_route=%2Fwp%2Fv2%2Fcategories&post=30348"},{"taxonomy":"post_tag","embeddable":true,"href":"https:\/\/zonaroja.com.mx\/index.php?rest_route=%2Fwp%2Fv2%2Ftags&post=30348"}],"curies":[{"name":"wp","href":"https:\/\/api.w.org\/{rel}","templated":true}]}}