{"id":30357,"date":"2021-07-31T07:51:52","date_gmt":"2021-07-31T12:51:52","guid":{"rendered":"http:\/\/www.zonaroja.com.mx\/?p=30357"},"modified":"2021-07-31T07:52:00","modified_gmt":"2021-07-31T12:52:00","slug":"poder-judicial-de-oaxaca-suma-esfuerzos-en-justicia-para-adolescentes","status":"publish","type":"post","link":"https:\/\/zonaroja.com.mx\/?p=30357","title":{"rendered":"Poder Judicial de Oaxaca suma esfuerzos en justicia para adolescentes"},"content":{"rendered":"\n<p>Redacci\u00f3n\/Zona Roja.<\/p>\n\n\n\n<p>Oaxaca de Ju\u00e1rez, Oax., 31 de julio de 2021.- A fin de contribuir al fortalecimiento de la justicia en materia de adolescentes, el Poder Judicial del Estado particip\u00f3 en la \u00abPrimera Sesi\u00f3n Ordinaria 2021 de la Comisi\u00f3n de Justicia Penal para Adolescentes\u00bb, convocada por la Secretar\u00eda Ejecutiva del Sistema Local de Protecci\u00f3n Integral de los Derechos de Ni\u00f1as, Ni\u00f1os y Adolescentes (SE-SIPINNA) y en la que intervinieron servidores p\u00fablicos judiciales y facilitadores del Centro de Justicia Alternativa.<\/p>\n\n\n\n<p>En la reuni\u00f3n, realizada en la modalidad virtual, se presentaron avances y acciones Interinstitucionales que promueven la protecci\u00f3n de ni\u00f1as, ni\u00f1os y adolescentes en conflicto con la Ley, con el objetivo de fortalecer su atenci\u00f3n; adem\u00e1s de plantear un plan de trabajo anual.<\/p>\n\n\n\n<p>El objetivo de dicha Comisi\u00f3n, es favorecer una conducta adecuada que permita socializar e integrar a estos j\u00f3venes, mediante un trabajo de justicia y educaci\u00f3n, por lo cual el Poder Judicial del Estado, lleva a cabo diferentes actividades en la materia.<\/p>\n\n\n\n<p>ATENCI\u00d3N PSICOL\u00d3GICA<\/p>\n\n\n\n<p>Por otra parte, derivado de la Ley de Mediaci\u00f3n para el Estado de Oaxaca, en el Art\u00edculo 30 en su segundo p\u00e1rrafo, en el Centro de Justicia Alternativa del Poder Judicial del Estado, las y los mediadores judiciales pueden contar con el respaldo de especialistas expertos en psicolog\u00eda, para canalizar a quienes acuden a solicitar apoyo en la soluci\u00f3n de un conflicto de manera pac\u00edfica, generando equilibrio y atenci\u00f3n de sus necesidades y las de la otra persona involucrada, a fin de lograr un acuerdo.<\/p>\n\n\n\n<p>A trav\u00e9s de diversas estrategias y procesos como la expresi\u00f3n asertiva de las emociones, comunicaci\u00f3n, reestructuraci\u00f3n del plan de vida, l\u00edmites y atenci\u00f3n de duelos, entre otras, el personal de este Centro busca que las personas involucradas en controversias, mediante sus propios recursos, puedan modificar sus ideas, perspectivas o afectos que le generan malestar y le impiden llegar a soluciones en los casos de mediaci\u00f3n, conciliaci\u00f3n y justicia restaurativa.<\/p>\n\n\n\n<p>El \u00c1rea Psicol\u00f3gica brinda apoyo en la atenci\u00f3n de casos en los juzgados mixtos, familiares y penales, a trav\u00e9s del servicio de terapia, destacando estrategias como la contenci\u00f3n en crisis y convivencia supervisada, en el caso de los asuntos de \u00edndole familiar.<\/p>\n\n\n\n<p>Las personas que requieran de los servicios, los cuales son totalmente gratuitos, pueden comunicarse a los tel\u00e9fonos (951) 514 9191 y 800 821 6789 o al correo electr\u00f3nico mediacionadistanciacja@hotmail.com.<\/p>\n","protected":false},"excerpt":{"rendered":"<p>Redacci\u00f3n\/Zona Roja. Oaxaca de Ju\u00e1rez, Oax., 31 de julio de 2021.- A fin de contribuir&hellip;<\/p>\n","protected":false},"author":2,"featured_media":30358,"comment_status":"closed","ping_status":"open","sticky":false,"template":"","format":"standard","meta":{"_lmt_disableupdate":"","_lmt_disable":"","_jetpack_memberships_contains_paid_content":false,"footnotes":""},"categories":[109,46],"tags":[223],"class_list":["post-30357","post","type-post","status-publish","format-standard","has-post-thumbnail","hentry","category-minuto-a-minuto","category-zona-blanca","tag-poder-judicial-de-oaxaca"],"jetpack_featured_media_url":"https:\/\/zonaroja.com.mx\/wp-content\/uploads\/2021\/07\/La-sesio\u0301n-se-realizo\u0301-en-la-modalidad-virtual.jpg","jetpack_sharing_enabled":true,"_links":{"self":[{"href":"https:\/\/zonaroja.com.mx\/index.php?rest_route=\/wp\/v2\/posts\/30357","targetHints":{"allow":["GET"]}}],"collection":[{"href":"https:\/\/zonaroja.com.mx\/index.php?rest_route=\/wp\/v2\/posts"}],"about":[{"href":"https:\/\/zonaroja.com.mx\/index.php?rest_route=\/wp\/v2\/types\/post"}],"author":[{"embeddable":true,"href":"https:\/\/zonaroja.com.mx\/index.php?rest_route=\/wp\/v2\/users\/2"}],"replies":[{"embeddable":true,"href":"https:\/\/zonaroja.com.mx\/index.php?rest_route=%2Fwp%2Fv2%2Fcomments&post=30357"}],"version-history":[{"count":1,"href":"https:\/\/zonaroja.com.mx\/index.php?rest_route=\/wp\/v2\/posts\/30357\/revisions"}],"predecessor-version":[{"id":30359,"href":"https:\/\/zonaroja.com.mx\/index.php?rest_route=\/wp\/v2\/posts\/30357\/revisions\/30359"}],"wp:featuredmedia":[{"embeddable":true,"href":"https:\/\/zonaroja.com.mx\/index.php?rest_route=\/wp\/v2\/media\/30358"}],"wp:attachment":[{"href":"https:\/\/zonaroja.com.mx\/index.php?rest_route=%2Fwp%2Fv2%2Fmedia&parent=30357"}],"wp:term":[{"taxonomy":"category","embeddable":true,"href":"https:\/\/zonaroja.com.mx\/index.php?rest_route=%2Fwp%2Fv2%2Fcategories&post=30357"},{"taxonomy":"post_tag","embeddable":true,"href":"https:\/\/zonaroja.com.mx\/index.php?rest_route=%2Fwp%2Fv2%2Ftags&post=30357"}],"curies":[{"name":"wp","href":"https:\/\/api.w.org\/{rel}","templated":true}]}}