{"id":30360,"date":"2021-07-31T08:03:15","date_gmt":"2021-07-31T13:03:15","guid":{"rendered":"http:\/\/www.zonaroja.com.mx\/?p=30360"},"modified":"2021-07-31T08:03:21","modified_gmt":"2021-07-31T13:03:21","slug":"caso-mazatlan-mixe-segego-pide-ayuda-del-congreso-congreso-pide-intervencion-de-segego","status":"publish","type":"post","link":"https:\/\/zonaroja.com.mx\/?p=30360","title":{"rendered":"Caso Mazatl\u00e1n Mixe: Segego pide ayuda del Congreso; Congreso pide intervenci\u00f3n de Segego"},"content":{"rendered":"\n<p>Redacci\u00f3n\/Zona Roja.<\/p>\n\n\n\n<p>Oaxaca de Ju\u00e1rez, Oax., 31 de julio de 2021.- En el sexto d\u00eda de bloqueo a la carretera Trans\u00edstmica por parte de pobladores de San Juan Mazatl\u00e1n Mixe y m\u00e1s de 12 horas de retenci\u00f3n de la diputada local priista Yarith Tannos, las autoridades cruzan acusaciones y se exigen intervenciones.<\/p>\n\n\n\n<p>La 64 Legislatura emiti\u00f3 cerca de la medianoche de ayer un comunicado para condenar la violencia y hacer \u201cun llamado urgente a la civilidad pol\u00edtica, a incentivar el di\u00e1logo y garantizar la paz en esta zona\u201d.<\/p>\n\n\n\n<p>Asimismo, requiri\u00f3 al Gobernador el estado, Alejandro Murat Hinojosa, y a las instancias correspondientes \u201cse atienda con urgencia el delicado incidente, a fin de que Yarith Tannos sea liberada y se realice una investigaci\u00f3n exhaustiva para deslindar responsabilidades.<\/p>\n\n\n\n<p>\u201cSeg\u00fan informaci\u00f3n compartida por el diputado local \u00c1ngel Dom\u00ednguez, al parecer la legisladora fue esposada de manos, luego de ser privada de su libertad por habitantes de San Juan Mazatl\u00e1n Mixe, en un acto reprobable porque violenta su dignidad y atenta contra sus derechos m\u00e1s elementales\u201d.<\/p>\n\n\n\n<p>Momentos antes, la Secretar\u00eda General de Gobierno (Segego) tambi\u00e9n emiti\u00f3 dos comunicados, uno de ellos para reiterar el llamado a los pobladores de San Juan Mazatl\u00e1n Mixe al di\u00e1logo entre agencias y el ayuntamiento.<\/p>\n\n\n\n<figure class=\"wp-block-embed-twitter wp-block-embed is-type-rich is-provider-twitter\"><div class=\"wp-block-embed__wrapper\">\n<div class=\"twitter-tweet\"><blockquote class=\"twitter-tweet\" data-lang=\"es\"><p lang=\"es\" dir=\"ltr\"><a href=\"https:\/\/twitter.com\/hashtag\/%C3%9AltimoMinuto?src=hash&amp;ref_src=twsrc%5Etfw\">#\u00daltimoMinuto<\/a> <br>Inicia sexto d\u00eda de bloqueo a la carretera Trans\u00edstmica por parte de habitantes de San Juan Mazatl\u00e1n Mixe.<br>Ni al muerto permitieron pasar con veh\u00edculo, sino que deudos tuvieron que cargar el ata\u00fad.<br>Sigue retenida la diputada local <a href=\"https:\/\/twitter.com\/yarithtannos?ref_src=twsrc%5Etfw\">@yarithtannos<\/a>. <a href=\"https:\/\/t.co\/rLp6em0jC9\">pic.twitter.com\/rLp6em0jC9<\/a><\/p>&mdash; Zona Roja Oaxaca (@Zona_Roja_Oax) <a href=\"https:\/\/twitter.com\/Zona_Roja_Oax\/status\/1421450104859500549?ref_src=twsrc%5Etfw\">31 de julio de 2021<\/a><\/blockquote><\/div>\n<\/div><\/figure>\n\n\n\n<p>El otro para pedir al Congreso del Estado \u201cque investigue, eval\u00fae y en su caso destituya al presidente municipal de San Juan Mazatl\u00e1n, Mixe, Macario Eleuterio Jim\u00e9nez, por la problem\u00e1tica social que ha generado la omisi\u00f3n de sus funciones en los \u00faltimos diez d\u00edas, neg\u00e1ndose a participar en la soluci\u00f3n del conflicto que mantiene con sus agencias y que ha constituido una ausencia de autoridad lo que deriva en una falta de mecanismos para llegar a un acuerdo.<\/p>\n\n\n\n<p>\u201cCabe se\u00f1alar, que el Presidente Municipal se ha negado a participar en las mesas de di\u00e1logo a las que el Gobierno del Estado ha convocado en reiteradas ocasiones para encontrar una soluci\u00f3n pac\u00edfica al problema derivado de la distribuci\u00f3n de recursos de los Ramos 28 y 33. Esta situaci\u00f3n ha generado un ambiente de ingobernabilidad en la zona y el bloqueo en la carretera federal 185 Trans\u00edstmica, que constituye un riesgo latente para la integridad f\u00edsica de las y los pobladores de la regi\u00f3n\u201d, expuso.<\/p>\n\n\n\n<p>En el bolet\u00edn agreg\u00f3 que el gobernador Alejandro Murat Hinojosa exhorta a las y los pobladores de San Juan Mazatl\u00e1n y sus agencias a seguir privilegiando el di\u00e1logo en la soluci\u00f3n de conflictos y no afectar m\u00e1s a la ciudadan\u00eda y la econom\u00eda de la regi\u00f3n con el bloqueo, pues estas acciones no abonan a generar la paz en la zona.<\/p>\n\n\n\n<p>Mientras tanto, desde el lunes pobladores de las agencias de San Juan Mazatl\u00e1n bloquean la v\u00eda federal que comunica al Istmo con la regi\u00f3n Cuenca y con el estado de Veracruz, a la altura de Boca del Monte, San Juan Guichicovi, en exigencia de recursos presupuestales atrasados.<\/p>\n","protected":false},"excerpt":{"rendered":"<p>Redacci\u00f3n\/Zona Roja. Oaxaca de Ju\u00e1rez, Oax., 31 de julio de 2021.- En el sexto d\u00eda&hellip;<\/p>\n","protected":false},"author":2,"featured_media":30361,"comment_status":"closed","ping_status":"open","sticky":false,"template":"","format":"standard","meta":{"_lmt_disableupdate":"","_lmt_disable":"","_jetpack_memberships_contains_paid_content":false,"footnotes":""},"categories":[109,47],"tags":[933],"class_list":["post-30360","post","type-post","status-publish","format-standard","has-post-thumbnail","hentry","category-minuto-a-minuto","category-zona-gris","tag-san-juan-mazatlan-mixe"],"jetpack_featured_media_url":"https:\/\/zonaroja.com.mx\/wp-content\/uploads\/2021\/07\/Bloqueo-Mazatlan-Mixe.jpg","jetpack_sharing_enabled":true,"_links":{"self":[{"href":"https:\/\/zonaroja.com.mx\/index.php?rest_route=\/wp\/v2\/posts\/30360","targetHints":{"allow":["GET"]}}],"collection":[{"href":"https:\/\/zonaroja.com.mx\/index.php?rest_route=\/wp\/v2\/posts"}],"about":[{"href":"https:\/\/zonaroja.com.mx\/index.php?rest_route=\/wp\/v2\/types\/post"}],"author":[{"embeddable":true,"href":"https:\/\/zonaroja.com.mx\/index.php?rest_route=\/wp\/v2\/users\/2"}],"replies":[{"embeddable":true,"href":"https:\/\/zonaroja.com.mx\/index.php?rest_route=%2Fwp%2Fv2%2Fcomments&post=30360"}],"version-history":[{"count":1,"href":"https:\/\/zonaroja.com.mx\/index.php?rest_route=\/wp\/v2\/posts\/30360\/revisions"}],"predecessor-version":[{"id":30362,"href":"https:\/\/zonaroja.com.mx\/index.php?rest_route=\/wp\/v2\/posts\/30360\/revisions\/30362"}],"wp:featuredmedia":[{"embeddable":true,"href":"https:\/\/zonaroja.com.mx\/index.php?rest_route=\/wp\/v2\/media\/30361"}],"wp:attachment":[{"href":"https:\/\/zonaroja.com.mx\/index.php?rest_route=%2Fwp%2Fv2%2Fmedia&parent=30360"}],"wp:term":[{"taxonomy":"category","embeddable":true,"href":"https:\/\/zonaroja.com.mx\/index.php?rest_route=%2Fwp%2Fv2%2Fcategories&post=30360"},{"taxonomy":"post_tag","embeddable":true,"href":"https:\/\/zonaroja.com.mx\/index.php?rest_route=%2Fwp%2Fv2%2Ftags&post=30360"}],"curies":[{"name":"wp","href":"https:\/\/api.w.org\/{rel}","templated":true}]}}