{"id":30363,"date":"2021-07-31T08:13:17","date_gmt":"2021-07-31T13:13:17","guid":{"rendered":"http:\/\/www.zonaroja.com.mx\/?p=30363"},"modified":"2021-07-31T08:13:21","modified_gmt":"2021-07-31T13:13:21","slug":"registra-oaxaca-4-muertos-y-4-heridos-en-24-horas-por-accidentes-viales","status":"publish","type":"post","link":"https:\/\/zonaroja.com.mx\/?p=30363","title":{"rendered":"Registra Oaxaca 4 muertos y 4 heridos en 24 horas, por accidentes viales"},"content":{"rendered":"\n<p>Redacci\u00f3n\/Zona Roja.<\/p>\n\n\n\n<p>Oaxaca de Ju\u00e1rez, Oax., 31 de julio de 2021.- Al menos cuatro personas fallecidas y un n\u00famero similar de lesionadas es el saldo de varios accidentes ocurridos en las \u00faltimas 24 horas en carreteras del estado de Oaxaca.<\/p>\n\n\n\n<p>El m\u00e1s reciente percance ocurri\u00f3 la ma\u00f1ana de ayer en la v\u00eda federal 190 Oaxaca-Istmo, aproximadamente en el kil\u00f3metro 81, jurisdicci\u00f3n de San Pedro Totol\u00e1pam, en que volcaron dos veh\u00edculos a un barranco de m\u00e1s de 100 metros de profundidad.<\/p>\n\n\n\n<p>Los pasajeros viajaban de San Carlos Yautepec rumbo a Tlacolula de Matamoros y presuntamente por exceso de velocidad se salieron de una curva las unidades tipo Tornado, marca Chevrolet, con placas de circulaci\u00f3n SL-9372 de Puebla, y marca Dodge, con placas XWY-4682 de Tlaxcala.<\/p>\n\n\n\n<p>Despu\u00e9s de varias horas de labores, personal del Cuerpo de Bombero, de la Cruz Roja Mexicana y otras corporaciones, lograron rescatar a dos v\u00edctimas, una mujer de aproximadamente 37 a\u00f1os de edad y un menor de siete a\u00f1os, en tanto que cuatro lesionados fueron canalizados a diversos hospitales.<\/p>\n\n\n\n<p>El viernes por la ma\u00f1ana tambi\u00e9n, en la carretera federal 200, a la atura de la comunidad El Lagartero, de Santa Mar\u00eda Tonameca, se suscit\u00f3 un percance vial, en que un veh\u00edculo particular volc\u00f3, lo que arroj\u00f3 la muerte del chofer, a\u00fan no identificado.<\/p>\n\n\n\n<p>En la madrugada del mismo d\u00eda, en el bulevar Benito Ju\u00e1rez de Santa Cruz Huatulco, Rafael E. I., joven deportista, perdi\u00f3 la vida tras chocar su veh\u00edculo marca Nissan, tipo Sentra, con placas del Estado de M\u00e9xico, con un objeto fijo.<\/p>\n","protected":false},"excerpt":{"rendered":"<p>Redacci\u00f3n\/Zona Roja. Oaxaca de Ju\u00e1rez, Oax., 31 de julio de 2021.- Al menos cuatro personas&hellip;<\/p>\n","protected":false},"author":2,"featured_media":30364,"comment_status":"closed","ping_status":"open","sticky":false,"template":"","format":"standard","meta":{"_lmt_disableupdate":"","_lmt_disable":"","_jetpack_memberships_contains_paid_content":false,"footnotes":""},"categories":[109,51],"tags":[],"class_list":["post-30363","post","type-post","status-publish","format-standard","has-post-thumbnail","hentry","category-minuto-a-minuto","category-zona-roja"],"jetpack_featured_media_url":"https:\/\/zonaroja.com.mx\/wp-content\/uploads\/2021\/07\/Accidente-carretero-Totolapam.jpg","jetpack_sharing_enabled":true,"_links":{"self":[{"href":"https:\/\/zonaroja.com.mx\/index.php?rest_route=\/wp\/v2\/posts\/30363","targetHints":{"allow":["GET"]}}],"collection":[{"href":"https:\/\/zonaroja.com.mx\/index.php?rest_route=\/wp\/v2\/posts"}],"about":[{"href":"https:\/\/zonaroja.com.mx\/index.php?rest_route=\/wp\/v2\/types\/post"}],"author":[{"embeddable":true,"href":"https:\/\/zonaroja.com.mx\/index.php?rest_route=\/wp\/v2\/users\/2"}],"replies":[{"embeddable":true,"href":"https:\/\/zonaroja.com.mx\/index.php?rest_route=%2Fwp%2Fv2%2Fcomments&post=30363"}],"version-history":[{"count":1,"href":"https:\/\/zonaroja.com.mx\/index.php?rest_route=\/wp\/v2\/posts\/30363\/revisions"}],"predecessor-version":[{"id":30365,"href":"https:\/\/zonaroja.com.mx\/index.php?rest_route=\/wp\/v2\/posts\/30363\/revisions\/30365"}],"wp:featuredmedia":[{"embeddable":true,"href":"https:\/\/zonaroja.com.mx\/index.php?rest_route=\/wp\/v2\/media\/30364"}],"wp:attachment":[{"href":"https:\/\/zonaroja.com.mx\/index.php?rest_route=%2Fwp%2Fv2%2Fmedia&parent=30363"}],"wp:term":[{"taxonomy":"category","embeddable":true,"href":"https:\/\/zonaroja.com.mx\/index.php?rest_route=%2Fwp%2Fv2%2Fcategories&post=30363"},{"taxonomy":"post_tag","embeddable":true,"href":"https:\/\/zonaroja.com.mx\/index.php?rest_route=%2Fwp%2Fv2%2Ftags&post=30363"}],"curies":[{"name":"wp","href":"https:\/\/api.w.org\/{rel}","templated":true}]}}