{"id":30369,"date":"2021-07-31T16:13:15","date_gmt":"2021-07-31T21:13:15","guid":{"rendered":"http:\/\/www.zonaroja.com.mx\/?p=30369"},"modified":"2021-07-31T16:13:18","modified_gmt":"2021-07-31T21:13:18","slug":"rebasado-edil-por-ambulantes-diputado-pide-intervencion-de-gobierno","status":"publish","type":"post","link":"https:\/\/zonaroja.com.mx\/?p=30369","title":{"rendered":"Rebasado edil por ambulantes; diputado pide intervenci\u00f3n de gobierno"},"content":{"rendered":"\n<p>Redacci\u00f3n\/Zona Roja.<\/p>\n\n\n\n<p>Oaxaca de Ju\u00e1rez, Oax., 31 de julio de 2021.- Ante el desbordamiento del comercio ambulante en el primer cuadro de la ciudad de Oaxaca, luego del desalojo implementado por el ayuntamiento el pasado 15 de julio, el legislador C\u00e9sar Morales Ni\u00f1o consider\u00f3 que el Gobierno del Estado debe coadyuvar a atender la problem\u00e1tica.<\/p>\n\n\n\n<p>Ello al considerar que la autoridad municipal que encabeza Oswaldo Garc\u00eda Jarqu\u00edn, emanado del Partido Morena, ya fue rebasada y la situaci\u00f3n genera otros problemas, entre ellos la inseguridad, que perturban la paz p\u00fablica.<\/p>\n\n\n\n<p>\u201cEl operativo implementado tuvo afectaciones sociales porque impidi\u00f3 el libre tr\u00e1nsito vehicular y afect\u00f3 a los comercios legalmente establecidos, a las personas residentes, al turismo y a la ciudadan\u00eda en general.<\/p>\n\n\n\n<p>\u201cSe afect\u00f3 la econom\u00eda, porque impidi\u00f3 la libre circulaci\u00f3n de las personas, y adem\u00e1s sigue latente el conflicto, porque existen amagos de m\u00e1s movilizaciones y posibles enfrentamientos entre la polic\u00eda y las y los vendedores ambulantes.<\/p>\n\n\n\n<p>\u201cDe igual forma existe riesgo de conflictos con el comercio de los mercados y las negociaciones de las zonas aleda\u00f1as porque el comercio ambulante se ha desplazado hac\u00eda los alrededores.<\/p>\n\n\n\n<p>\u201cAunado a ello, las colonias, los barrios y las agencias de la ciudad, se han quedado sin seguridad p\u00fablica, sin vigilancia, porque la mayor\u00eda de los polic\u00edas est\u00e1n concentrados en el centro hist\u00f3rico\u201d, expuso el diputado del Partido Morena.<\/p>\n\n\n\n<p>Ante ello, present\u00f3 un Punto de Acuerdo en la 64 Legislatura, mismo que fue turnado a comisiones, con la finalidad de que el Gobernador del Estado, en el marco de sus facultades, intervenga en el conflicto existente en el municipio de Oaxaca de Ju\u00e1rez por el tema del comercio ambulante, \u201cya que existen afectaciones sociales que rebasan el \u00e1mbito municipal, porque se est\u00e1 afectando al turismo, la econom\u00eda y el orden social\u201d.<\/p>\n\n\n\n<p>Morales Ni\u00f1o indic\u00f3 que esta propuesta tiene como prop\u00f3sito, coadyuvar a resolver la problem\u00e1tica existente, para salvaguardar la paz y el orden p\u00fablico, y que el Gobierno del Estado con todos mecanismos a su alcance sea garante en la construcci\u00f3n de acuerdos.<\/p>\n\n\n\n<p>\u201cCabe resaltar que, s\u00ed bien es cierto se reconoce como primera instancia de competencia al gobierno municipal, dicha autoridad ya fue rebasada y el conflicto ya est\u00e1 da\u00f1ando \u00e1reas de competencia del gobierno estatal\u201d, dijo.<\/p>\n\n\n\n<p>Entre otros aspectos, perjudica la econom\u00eda, la paz p\u00fablica, la libertad de tr\u00e1nsito, el comercio establecido, el turismo, entre otros temas de inter\u00e9s que actualizan la competencia para que el asunto sea atendido por el Gobierno del Estado.<\/p>\n\n\n\n<p>\u201cSobre todo, la seguridad p\u00fablica, la seguridad de los oaxaque\u00f1os y oaxaque\u00f1as, debe ser garantizada a pesar del conflicto existente\u201d, manifest\u00f3.<\/p>\n\n\n\n<p>Desde el pasado 15 de julio, el ayuntamiento determin\u00f3 retirar a todos los vendedores ambulantes del z\u00f3calo, la Alameda de Le\u00f3n, el Andador Tur\u00edstico e inmediaciones del templo de Santo Domingo de Guzm\u00e1n, bajo el supuesto ordenamiento y orden contra el comercio informal.<\/p>\n\n\n\n<p>Para evitar que reingresen, cubre con vallas y polic\u00edas 18 calles de acceso al Centro Hist\u00f3rico.<\/p>\n","protected":false},"excerpt":{"rendered":"<p>Redacci\u00f3n\/Zona Roja. Oaxaca de Ju\u00e1rez, Oax., 31 de julio de 2021.- Ante el desbordamiento del&hellip;<\/p>\n","protected":false},"author":2,"featured_media":30370,"comment_status":"closed","ping_status":"open","sticky":false,"template":"","format":"standard","meta":{"_lmt_disableupdate":"","_lmt_disable":"","_jetpack_memberships_contains_paid_content":false,"footnotes":""},"categories":[109,46],"tags":[612],"class_list":["post-30369","post","type-post","status-publish","format-standard","has-post-thumbnail","hentry","category-minuto-a-minuto","category-zona-blanca","tag-cesar-morales-nino"],"jetpack_featured_media_url":"https:\/\/zonaroja.com.mx\/wp-content\/uploads\/2021\/07\/Ambulantes-ciudad-de-Oaxaca.jpg","jetpack_sharing_enabled":true,"_links":{"self":[{"href":"https:\/\/zonaroja.com.mx\/index.php?rest_route=\/wp\/v2\/posts\/30369","targetHints":{"allow":["GET"]}}],"collection":[{"href":"https:\/\/zonaroja.com.mx\/index.php?rest_route=\/wp\/v2\/posts"}],"about":[{"href":"https:\/\/zonaroja.com.mx\/index.php?rest_route=\/wp\/v2\/types\/post"}],"author":[{"embeddable":true,"href":"https:\/\/zonaroja.com.mx\/index.php?rest_route=\/wp\/v2\/users\/2"}],"replies":[{"embeddable":true,"href":"https:\/\/zonaroja.com.mx\/index.php?rest_route=%2Fwp%2Fv2%2Fcomments&post=30369"}],"version-history":[{"count":1,"href":"https:\/\/zonaroja.com.mx\/index.php?rest_route=\/wp\/v2\/posts\/30369\/revisions"}],"predecessor-version":[{"id":30371,"href":"https:\/\/zonaroja.com.mx\/index.php?rest_route=\/wp\/v2\/posts\/30369\/revisions\/30371"}],"wp:featuredmedia":[{"embeddable":true,"href":"https:\/\/zonaroja.com.mx\/index.php?rest_route=\/wp\/v2\/media\/30370"}],"wp:attachment":[{"href":"https:\/\/zonaroja.com.mx\/index.php?rest_route=%2Fwp%2Fv2%2Fmedia&parent=30369"}],"wp:term":[{"taxonomy":"category","embeddable":true,"href":"https:\/\/zonaroja.com.mx\/index.php?rest_route=%2Fwp%2Fv2%2Fcategories&post=30369"},{"taxonomy":"post_tag","embeddable":true,"href":"https:\/\/zonaroja.com.mx\/index.php?rest_route=%2Fwp%2Fv2%2Ftags&post=30369"}],"curies":[{"name":"wp","href":"https:\/\/api.w.org\/{rel}","templated":true}]}}