{"id":3037,"date":"2019-08-12T20:12:23","date_gmt":"2019-08-13T01:12:23","guid":{"rendered":"http:\/\/www.zonaroja.com.mx\/?p=3037"},"modified":"2019-08-12T20:12:25","modified_gmt":"2019-08-13T01:12:25","slug":"suman-en-change-org-casi-siete-mil-firmas-a-favor-de-la-casa-de-la-cultura","status":"publish","type":"post","link":"https:\/\/zonaroja.com.mx\/?p=3037","title":{"rendered":"Suman en change.org casi siete mil firmas a favor de la Casa de la Cultura"},"content":{"rendered":"\n<p>Evlin Arag\u00f3n\/Zona Roja.<\/p>\n\n\n\n<p>Oaxaca de Ju\u00e1rez, Oax., 12 de agosto de 2019.- A trav\u00e9s de la plataforma\nchange.org, personal de la Casa de la Cultura Oaxaque\u00f1a lanz\u00f3 una petici\u00f3n al\ngobernador Alejandro Murat Hinojosa; el Presidente Andr\u00e9s Manuel L\u00f3pez Obrador,\ny los senadores Susana Harp y Salom\u00f3n Jara, para impedir el cierre de la\ninstituci\u00f3n.<\/p>\n\n\n\n<p>De acuerdo con el documento, por casi 50 a\u00f1os la instituci\u00f3n ha sido\niniciadora y formadora de talentos oaxaque\u00f1os, as\u00ed como promotora de los\nvalores humanos que han propiciado una mejor calidad de vida de varias\ngeneraciones, por lo que elevaron su m\u00e1s en\u00e9rgica protesta por la amenaza de su\ncierre, ante un recorte presupuestal sin presente.<\/p>\n\n\n\n<p>\u201cEs lamentable en un estado que presume de una vasta riqueza cultural y\nart\u00edstica, se pretenda cortar de tajo las expresiones art\u00edsticas, que son la\nventana mundial que genera derrama econ\u00f3mica y que sustenta a miles de familias\ny reconocimiento a los artistas, artesanos, promotores culturales, instructores\nde arte, industrias culturales, y trabajadores administrativos\u201d, cita la\npetici\u00f3n que circula en redes sociales.<\/p>\n\n\n\n<p>Criticaron los altos costos en la promoci\u00f3n de los \u201cLunes del Cerro\u201d y\nlas fiestas de la Guelaguetza recientemente realizados por las autoridades\nestatales y que en nada aportan al desarrollo art\u00edsticos en general, mientras\nque se recorta el presupuesto de la instancia encargada de formar a las y los\nartistas que dan la cara por el estado a nivel nacional e internacional.<\/p>\n\n\n\n<p>As\u00ed mismo, solicitaron a la sociedad en general unirse en la protestas\nque contin\u00faan este lunes en las afueras de la Casa de la Cultura, con la\nfinalidad de defender uno de los \u00fanicos recintos p\u00fablicos que fomentan el arte\ny la cultura sin fines de lucro.<\/p>\n\n\n\n<p>Desde el jueves pasado, personal de la Casa de la Cultura Oaxaque\u00f1a\nprotesta ante el recorte de recursos federales, lo que originar\u00eda que al menos\n50 docentes de distintas especialidades de las artes y la m\u00fasica, se quedar\u00edan\nsin empleo.<\/p>\n\n\n\n<p>Hasta el momento la petici\u00f3n lanzada por change.org lleva seis mil 330,\nde siete mil 500 que se han puesto como meta.<\/p>\n","protected":false},"excerpt":{"rendered":"<p>Evlin Arag\u00f3n\/Zona Roja. Oaxaca de Ju\u00e1rez, Oax., 12 de agosto de 2019.- A trav\u00e9s de&hellip;<\/p>\n","protected":false},"author":2,"featured_media":3038,"comment_status":"closed","ping_status":"open","sticky":false,"template":"","format":"standard","meta":{"_lmt_disableupdate":"","_lmt_disable":"","_jetpack_memberships_contains_paid_content":false,"footnotes":""},"categories":[109,47],"tags":[541],"class_list":["post-3037","post","type-post","status-publish","format-standard","has-post-thumbnail","hentry","category-minuto-a-minuto","category-zona-gris","tag-casa-de-la-cultura-oaxaquena"],"jetpack_featured_media_url":"https:\/\/zonaroja.com.mx\/wp-content\/uploads\/2019\/08\/Paro-de-labores-Casa-de-la-Cultura-1.jpg","jetpack_sharing_enabled":true,"_links":{"self":[{"href":"https:\/\/zonaroja.com.mx\/index.php?rest_route=\/wp\/v2\/posts\/3037","targetHints":{"allow":["GET"]}}],"collection":[{"href":"https:\/\/zonaroja.com.mx\/index.php?rest_route=\/wp\/v2\/posts"}],"about":[{"href":"https:\/\/zonaroja.com.mx\/index.php?rest_route=\/wp\/v2\/types\/post"}],"author":[{"embeddable":true,"href":"https:\/\/zonaroja.com.mx\/index.php?rest_route=\/wp\/v2\/users\/2"}],"replies":[{"embeddable":true,"href":"https:\/\/zonaroja.com.mx\/index.php?rest_route=%2Fwp%2Fv2%2Fcomments&post=3037"}],"version-history":[{"count":1,"href":"https:\/\/zonaroja.com.mx\/index.php?rest_route=\/wp\/v2\/posts\/3037\/revisions"}],"predecessor-version":[{"id":3039,"href":"https:\/\/zonaroja.com.mx\/index.php?rest_route=\/wp\/v2\/posts\/3037\/revisions\/3039"}],"wp:featuredmedia":[{"embeddable":true,"href":"https:\/\/zonaroja.com.mx\/index.php?rest_route=\/wp\/v2\/media\/3038"}],"wp:attachment":[{"href":"https:\/\/zonaroja.com.mx\/index.php?rest_route=%2Fwp%2Fv2%2Fmedia&parent=3037"}],"wp:term":[{"taxonomy":"category","embeddable":true,"href":"https:\/\/zonaroja.com.mx\/index.php?rest_route=%2Fwp%2Fv2%2Fcategories&post=3037"},{"taxonomy":"post_tag","embeddable":true,"href":"https:\/\/zonaroja.com.mx\/index.php?rest_route=%2Fwp%2Fv2%2Ftags&post=3037"}],"curies":[{"name":"wp","href":"https:\/\/api.w.org\/{rel}","templated":true}]}}