{"id":30372,"date":"2021-07-31T16:52:17","date_gmt":"2021-07-31T21:52:17","guid":{"rendered":"http:\/\/www.zonaroja.com.mx\/?p=30372"},"modified":"2021-07-31T16:52:21","modified_gmt":"2021-07-31T21:52:21","slug":"denuncian-que-arquitecto-portugues-moderniza-casa-de-la-cultura-de-juchitan","status":"publish","type":"post","link":"https:\/\/zonaroja.com.mx\/?p=30372","title":{"rendered":"Denuncian que arquitecto portugu\u00e9s \u201cmoderniza\u201d Casa de la Cultura de Juchit\u00e1n"},"content":{"rendered":"\n<p>Ismael Garc\u00eda M.\/Zona Roja.<\/p>\n\n\n\n<p>Oaxaca de Ju\u00e1rez, Oax., 31 de julio de 2021.- Un arquitecto de origen portugu\u00e9s rehabilita la emblem\u00e1tica Casa de la Cultura de Juchit\u00e1n de Zaragoza bajo conceptos \u201cmodernizadores\u201d y sin respetar la construcci\u00f3n antigua y tradicional.<\/p>\n\n\n\n<p>As\u00ed lo denunci\u00f3 un grupo de activistas, especialistas, abogados y escritores, al exigir que el Instituto de Antropolog\u00eda e Historia (INAH) frene los trabajos en la instituci\u00f3n fundada en 1972 por el artista pl\u00e1stico Francisco Toledo.<\/p>\n\n\n\n<p>En una carta p\u00fablica dirigida a autoridades estatales y federales, refieren que Casa de la Cultura de Juchit\u00e1n, por m\u00faltiples razones, hist\u00f3ricas, culturales y sociopol\u00edticas, es un edificio emblem\u00e1tico no s\u00f3lo para la poblaci\u00f3n juchiteca sino tambi\u00e9n para el medio art\u00edstico y cultural nacional con fama y reconocimiento, local, estatal y m\u00e1s all\u00e1 de estas fronteras.<\/p>\n\n\n\n<p>Fue fundada en 1972 por Toledo con una visi\u00f3n poco com\u00fan en las instituciones culturales para propiciar, en una regi\u00f3n lejana al centro del pa\u00eds, la recreaci\u00f3n de la cultura local y la difusi\u00f3n de valores universales, as\u00ed como estimular el desarrollo de nuevos creadores art\u00edsticos.<\/p>\n\n\n\n<p>\u201cEstos prop\u00f3sitos, a pesar de altibajos, no siempre imputables a la propia Casa de la Cultura, han sido cumplidos con creces y con un agregado muy importante: a lo largo de su historia ha sido asumida y disfrutada a plenitud por el pueblo sin distingos de condici\u00f3n econ\u00f3mica ni de alguna otra\u201d, se\u00f1alan.<\/p>\n\n\n\n<p>Exponen que como en pocos sitios de difusi\u00f3n cultural de nuestro pa\u00eds, en ella se daban cita lo mismo pintores que campesinos, lo mismo m\u00fasicos que trabajadores, lo mismo poetas que estudiantes o mujeres orgullosamente ataviadas con flores y trajes regionales, ni\u00f1as y ni\u00f1os, j\u00f3venes y adultos, todas y todos con un fin com\u00fan: solazarse de la cultura propia, disfrutar y conocer otras manifestaciones culturales.<\/p>\n\n\n\n<p>Antes este antiguo edificio alberg\u00f3 un cuartel militar y una escuela secundaria donde pasaron varias generaciones de alumnos que a\u00fan recuerdan con el afecto y a\u00f1oranza que dejan esas \u00e9pocas en la memoria afectiva.<\/p>\n\n\n\n<p>Rese\u00f1an que en 1995 tuvo una primera restauraci\u00f3n y algunas modificaciones, como ubicar el acceso principal junto a la entrada a la iglesia y la adecuaci\u00f3n de un auditorio, respetando en general las caracter\u00edsticas arquitect\u00f3nicas y recuperando materiales y oficios ya un tanto olvidados, proyecto que fue previamente presentado al maestro Toledo en respeto y consideraci\u00f3n a su autoridad moral.<\/p>\n\n\n\n<p>\u201cEsa restauraci\u00f3n en cierto modo gener\u00f3 una revaloraci\u00f3n de la arquitectura tradicional en la poblaci\u00f3n influenciada ya por una visi\u00f3n modernista trastocando valores culturales propios\u201d, detallan en la carta p\u00fablica.<\/p>\n\n\n\n<p>Posteriormente, en 2010 fue objeto de otra restauraci\u00f3n importante con intervenci\u00f3n en las cubiertas, acabados, instalaciones y modernizaci\u00f3n del auditorio, igualmente en t\u00e9rminos generales se respet\u00f3 la arquitectura y elementos originales.<\/p>\n\n\n\n<p>EL DA\u00d1O<\/p>\n\n\n\n<p>No obstante, hoy la Casa de la Cultura est\u00e1 siendo objeto de otra restauraci\u00f3n, est\u00e1 vez por los da\u00f1os ocasionados por los sismos en 2017, \u201cpero con cierta sorpresa, no agradable a buena parte de la poblaci\u00f3n juchiteca interesada en su patrimonio edificado, se observa que en la restauraci\u00f3n del por muchas razones querido edificio, este ha sido modificado de manera importante, al menos en lo que se logra ver en im\u00e1genes difundidas en internet\u201d.<\/p>\n\n\n\n<p>Exponen que en las declaraciones y explicaciones p\u00fablicas del titular de Enlace y Seguimiento de Proyectos Culturales del ayuntamiento de Juchit\u00e1n, Michel Pineda, se argumenta que los cambios, muy visibles est\u00e9tica y arquitect\u00f3nicamente, \u201cson por cuestiones t\u00e9cnicas, al no resistir las originales columnas de tabique el efecto de los sismos mencionados.<\/p>\n\n\n\n<p>Asimismo, \u201cobedecen a un proyecto est\u00e9tico del arquitecto portugu\u00e9s Joao Boto Caeiro\u201d.<\/p>\n\n\n\n<p>Los cambios consistentes en sustituir las originales columnas o pilares de ladrillo plenamente identificadas simb\u00f3licamente con la arquitectura del edificio se han sustituido por una idea moderna y radicalmente diferente con piezas de madera (com\u00fanmente conocidas como planchas) que si bien son propias de la regi\u00f3n, su uso y funcionalidad en las casas tradicionales es muy ajeno al empleado en el proyecto del arquitecto Joao con justificaciones, m\u00e1s qu\u00e9 t\u00e9cnicas, subjetivas para alterar la arquitectura del edificio tan importante para la poblaci\u00f3n por su simbolismo.<\/p>\n\n\n\n<p>\u201cLamentablemente se est\u00e1 imponiendo el gusto est\u00e9tico del reconocido y respetable arquitecto, pero en este caso con una valoraci\u00f3n que no considera la memoria hist\u00f3rica, social y afectiva del pueblo y tambi\u00e9n el gusto est\u00e9tico juchiteco y de sus artistas que en primera y \u00faltima instancia son quienes le han dado a lo largo de su existencia valor y vida a esta Casa de la Cultura y por lo tanto debe tomarse en cuenta su opini\u00f3n\u201d, agregan.<\/p>\n\n\n\n<p>Por lo anterior, los firmantes del documento demandan al INAH como instituci\u00f3n de gobierno, responsable de salvaguardar el patrimonio cultural de la naci\u00f3n y en este caso del pueblo juchiteco, sea restituidas los emblem\u00e1ticos pilares en respeto a la arquitectura original del edificio.<\/p>\n\n\n\n<p>La carta la firman el rquitecto Gerardo Degyves Ram\u00edrez, el ingeniero Alfonso Torres Morgan, el ingeniero V\u00edctor \u00e1ngel Toledo; el artista pl\u00e1stico Miguel \u00c1ngel Charis Ruiz, la periodista Guadalupe R\u00edos, el poeta V\u00edctor Ter\u00e1n, el fot\u00f3grafo Marciano Valencia, el antrop\u00f3logo Emilio L\u00f3pez Jim\u00e9nez; el abogado C\u00e9sar Pineda Castillo y el polit\u00f3logo Abel Toledo G\u00f3mez.<\/p>\n","protected":false},"excerpt":{"rendered":"<p>Ismael Garc\u00eda M.\/Zona Roja. Oaxaca de Ju\u00e1rez, Oax., 31 de julio de 2021.- Un arquitecto&hellip;<\/p>\n","protected":false},"author":2,"featured_media":30373,"comment_status":"closed","ping_status":"open","sticky":false,"template":"","format":"standard","meta":{"_lmt_disableupdate":"","_lmt_disable":"","_jetpack_memberships_contains_paid_content":false,"footnotes":""},"categories":[109,47],"tags":[2824],"class_list":["post-30372","post","type-post","status-publish","format-standard","has-post-thumbnail","hentry","category-minuto-a-minuto","category-zona-gris","tag-casa-de-la-cultura-de-juchitan"],"jetpack_featured_media_url":"https:\/\/zonaroja.com.mx\/wp-content\/uploads\/2021\/07\/Casa-de-la-Cultura-de-Juchitan.jpg","jetpack_sharing_enabled":true,"_links":{"self":[{"href":"https:\/\/zonaroja.com.mx\/index.php?rest_route=\/wp\/v2\/posts\/30372","targetHints":{"allow":["GET"]}}],"collection":[{"href":"https:\/\/zonaroja.com.mx\/index.php?rest_route=\/wp\/v2\/posts"}],"about":[{"href":"https:\/\/zonaroja.com.mx\/index.php?rest_route=\/wp\/v2\/types\/post"}],"author":[{"embeddable":true,"href":"https:\/\/zonaroja.com.mx\/index.php?rest_route=\/wp\/v2\/users\/2"}],"replies":[{"embeddable":true,"href":"https:\/\/zonaroja.com.mx\/index.php?rest_route=%2Fwp%2Fv2%2Fcomments&post=30372"}],"version-history":[{"count":1,"href":"https:\/\/zonaroja.com.mx\/index.php?rest_route=\/wp\/v2\/posts\/30372\/revisions"}],"predecessor-version":[{"id":30374,"href":"https:\/\/zonaroja.com.mx\/index.php?rest_route=\/wp\/v2\/posts\/30372\/revisions\/30374"}],"wp:featuredmedia":[{"embeddable":true,"href":"https:\/\/zonaroja.com.mx\/index.php?rest_route=\/wp\/v2\/media\/30373"}],"wp:attachment":[{"href":"https:\/\/zonaroja.com.mx\/index.php?rest_route=%2Fwp%2Fv2%2Fmedia&parent=30372"}],"wp:term":[{"taxonomy":"category","embeddable":true,"href":"https:\/\/zonaroja.com.mx\/index.php?rest_route=%2Fwp%2Fv2%2Fcategories&post=30372"},{"taxonomy":"post_tag","embeddable":true,"href":"https:\/\/zonaroja.com.mx\/index.php?rest_route=%2Fwp%2Fv2%2Ftags&post=30372"}],"curies":[{"name":"wp","href":"https:\/\/api.w.org\/{rel}","templated":true}]}}