{"id":30377,"date":"2021-07-31T20:24:05","date_gmt":"2021-08-01T01:24:05","guid":{"rendered":"http:\/\/www.zonaroja.com.mx\/?p=30377"},"modified":"2021-07-31T20:24:09","modified_gmt":"2021-08-01T01:24:09","slug":"asesinan-a-dos-personas-en-la-region-costa-de-oaxaca-este-sabado","status":"publish","type":"post","link":"https:\/\/zonaroja.com.mx\/?p=30377","title":{"rendered":"Asesinan a dos personas en la regi\u00f3n Costa de Oaxaca, este s\u00e1bado"},"content":{"rendered":"\n<p>Redacci\u00f3n\/Zona Roja.<\/p>\n\n\n\n<p>Oaxaca de Ju\u00e1rez, Oax., 31 de julio de 2021.- Dos personas fueron asesinadas a balazos este s\u00e1bado, en dos hechos registrados en la regi\u00f3n Costa del estado de Oaxaca.<\/p>\n\n\n\n<p>Cerca del mediod\u00eda, en el municipio de San Pedro Jicay\u00e1n, un individuo fue ultimado por disparos de arma de fuego, en inmediaciones del paraje \u201cCerro de Jicay\u00e1n\u201d.<\/p>\n\n\n\n<p>La v\u00edctima fue identificada como Benito L\u00f3pez Dam\u00edan, de 58 a\u00f1os de edad, campesino con domicilio en el mismo municipio; a\u00fan se desconoce qui\u00e9n o qui\u00e9nes le privaron de la vida.<\/p>\n\n\n\n<p>Tambi\u00e9n por la ma\u00f1ana pero en Pinotepa Nacional, una persona del sexo masculino fue ejecutada en el exterior de un domicilio de la colonia La Posta.<\/p>\n\n\n\n<p>El hoy occiso fue identificado \u00fanicamente con las iniciales de I. T. R.; tampoco hay identidad del o los responsables del homicidio.<\/p>\n\n\n\n<p>En ambos casos no hay personas detenidas; la Vicefiscal\u00eda Regional de la Costa inici\u00f3 con las primeras indagatorias.<\/p>\n","protected":false},"excerpt":{"rendered":"<p>Redacci\u00f3n\/Zona Roja. Oaxaca de Ju\u00e1rez, Oax., 31 de julio de 2021.- Dos personas fueron asesinadas&hellip;<\/p>\n","protected":false},"author":2,"featured_media":29111,"comment_status":"closed","ping_status":"open","sticky":false,"template":"","format":"standard","meta":{"_lmt_disableupdate":"","_lmt_disable":"","_jetpack_memberships_contains_paid_content":false,"footnotes":""},"categories":[109,51],"tags":[2558],"class_list":["post-30377","post","type-post","status-publish","format-standard","has-post-thumbnail","hentry","category-minuto-a-minuto","category-zona-roja","tag-san-pedro-jicayan"],"jetpack_featured_media_url":"https:\/\/zonaroja.com.mx\/wp-content\/uploads\/2021\/06\/Asesinatos-mujeres-escena-crimen-homicidio.jpg","jetpack_sharing_enabled":true,"_links":{"self":[{"href":"https:\/\/zonaroja.com.mx\/index.php?rest_route=\/wp\/v2\/posts\/30377","targetHints":{"allow":["GET"]}}],"collection":[{"href":"https:\/\/zonaroja.com.mx\/index.php?rest_route=\/wp\/v2\/posts"}],"about":[{"href":"https:\/\/zonaroja.com.mx\/index.php?rest_route=\/wp\/v2\/types\/post"}],"author":[{"embeddable":true,"href":"https:\/\/zonaroja.com.mx\/index.php?rest_route=\/wp\/v2\/users\/2"}],"replies":[{"embeddable":true,"href":"https:\/\/zonaroja.com.mx\/index.php?rest_route=%2Fwp%2Fv2%2Fcomments&post=30377"}],"version-history":[{"count":1,"href":"https:\/\/zonaroja.com.mx\/index.php?rest_route=\/wp\/v2\/posts\/30377\/revisions"}],"predecessor-version":[{"id":30378,"href":"https:\/\/zonaroja.com.mx\/index.php?rest_route=\/wp\/v2\/posts\/30377\/revisions\/30378"}],"wp:featuredmedia":[{"embeddable":true,"href":"https:\/\/zonaroja.com.mx\/index.php?rest_route=\/wp\/v2\/media\/29111"}],"wp:attachment":[{"href":"https:\/\/zonaroja.com.mx\/index.php?rest_route=%2Fwp%2Fv2%2Fmedia&parent=30377"}],"wp:term":[{"taxonomy":"category","embeddable":true,"href":"https:\/\/zonaroja.com.mx\/index.php?rest_route=%2Fwp%2Fv2%2Fcategories&post=30377"},{"taxonomy":"post_tag","embeddable":true,"href":"https:\/\/zonaroja.com.mx\/index.php?rest_route=%2Fwp%2Fv2%2Ftags&post=30377"}],"curies":[{"name":"wp","href":"https:\/\/api.w.org\/{rel}","templated":true}]}}