{"id":30379,"date":"2021-07-31T20:54:26","date_gmt":"2021-08-01T01:54:26","guid":{"rendered":"http:\/\/www.zonaroja.com.mx\/?p=30379"},"modified":"2021-07-31T20:54:28","modified_gmt":"2021-08-01T01:54:28","slug":"diputados-confirman-que-yarith-tannos-sigue-retenida-en-bloqueo-carretero","status":"publish","type":"post","link":"https:\/\/zonaroja.com.mx\/?p=30379","title":{"rendered":"Diputados confirman que Yarith Tannos sigue retenida en bloqueo carretero"},"content":{"rendered":"\n<p>Redacci\u00f3n\/Zona Roja.<\/p>\n\n\n\n<p>Oaxaca de Ju\u00e1rez, Oax-. 31 de julio de 2021.- La diputada local por el PRI, Yarith Tannos Cruz, rebasa las 24 horas de retenci\u00f3n, por parte de pobladores de agencias de San Juan Mazatl\u00e1n Mixe.<\/p>\n\n\n\n<p>Seg\u00fan dio a conocer la legisladora esta ma\u00f1ana a trav\u00e9s de un video, fue retenida a las 17:00 horas de ayer en el bloqueo carretero instalado desde el pasado lunes en la v\u00eda Trans\u00edstmica, a la altura de Boca del Monte, San Juan Guichicovi; desde esa hora y hasta las 08:00 de hoy la mantuvieron esposada.<\/p>\n\n\n\n<p>El Gobierno del Estado, a trav\u00e9s de la Secretar\u00eda General de Gobierno, e integrantes del Congreso local, as\u00ed como l\u00edderes pol\u00edticos, \u00fanicamente han manifestado su condena por la retenci\u00f3n.<\/p>\n\n\n\n<p>Esta tarde, la 64 Legislatura emiti\u00f3 un segundo comunicado en que reiter\u00f3 \u201cel llamado al di\u00e1logo, la paz y la concordia para que la legisladora sea liberada\u201d.<\/p>\n\n\n\n<p>Adem\u00e1s, \u201cmanifestaron su indignaci\u00f3n al indicar que no se deben tolerar este tipo de actos violentos, que trasgreden los derechos de las mujeres y mucho menos el libre tr\u00e1nsito\u201d.<\/p>\n\n\n\n<p>Al cumplirse casi 24 horas de este incidente, pidieron a las autoridades correspondientes que de forma inmediata se libere a la representante popular y se resuelva la problem\u00e1tica en la comunidad de San Juan Mazatl\u00e1n Mixe.<\/p>\n\n\n\n<p>La diputada se dirig\u00eda a la Ciudad de San Juan Bautista Tuxtepec, a participar en una reuni\u00f3n con transportistas; pero a las cinco de la tarde fue impedida a continuar su tr\u00e1nsito.<\/p>\n\n\n\n<p>En tanto, la Segego no ha emitido ninguna otra informaci\u00f3n y tampoco ha dado a conocer las acciones que realiza para que se desbloquee la vialidad que comunica al Istmo con la regi\u00f3n de la Cuenca y el estado de Veracruz, cerrado desde el pasado lunes.<\/p>\n","protected":false},"excerpt":{"rendered":"<p>Redacci\u00f3n\/Zona Roja. Oaxaca de Ju\u00e1rez, Oax-. 31 de julio de 2021.- La diputada local por&hellip;<\/p>\n","protected":false},"author":2,"featured_media":30380,"comment_status":"closed","ping_status":"open","sticky":false,"template":"","format":"standard","meta":{"_lmt_disableupdate":"","_lmt_disable":"","_jetpack_memberships_contains_paid_content":false,"footnotes":""},"categories":[109,47],"tags":[933],"class_list":["post-30379","post","type-post","status-publish","format-standard","has-post-thumbnail","hentry","category-minuto-a-minuto","category-zona-gris","tag-san-juan-mazatlan-mixe"],"jetpack_featured_media_url":"https:\/\/zonaroja.com.mx\/wp-content\/uploads\/2021\/07\/Yarith-Tannos-Cruz.jpg","jetpack_sharing_enabled":true,"_links":{"self":[{"href":"https:\/\/zonaroja.com.mx\/index.php?rest_route=\/wp\/v2\/posts\/30379","targetHints":{"allow":["GET"]}}],"collection":[{"href":"https:\/\/zonaroja.com.mx\/index.php?rest_route=\/wp\/v2\/posts"}],"about":[{"href":"https:\/\/zonaroja.com.mx\/index.php?rest_route=\/wp\/v2\/types\/post"}],"author":[{"embeddable":true,"href":"https:\/\/zonaroja.com.mx\/index.php?rest_route=\/wp\/v2\/users\/2"}],"replies":[{"embeddable":true,"href":"https:\/\/zonaroja.com.mx\/index.php?rest_route=%2Fwp%2Fv2%2Fcomments&post=30379"}],"version-history":[{"count":1,"href":"https:\/\/zonaroja.com.mx\/index.php?rest_route=\/wp\/v2\/posts\/30379\/revisions"}],"predecessor-version":[{"id":30381,"href":"https:\/\/zonaroja.com.mx\/index.php?rest_route=\/wp\/v2\/posts\/30379\/revisions\/30381"}],"wp:featuredmedia":[{"embeddable":true,"href":"https:\/\/zonaroja.com.mx\/index.php?rest_route=\/wp\/v2\/media\/30380"}],"wp:attachment":[{"href":"https:\/\/zonaroja.com.mx\/index.php?rest_route=%2Fwp%2Fv2%2Fmedia&parent=30379"}],"wp:term":[{"taxonomy":"category","embeddable":true,"href":"https:\/\/zonaroja.com.mx\/index.php?rest_route=%2Fwp%2Fv2%2Fcategories&post=30379"},{"taxonomy":"post_tag","embeddable":true,"href":"https:\/\/zonaroja.com.mx\/index.php?rest_route=%2Fwp%2Fv2%2Ftags&post=30379"}],"curies":[{"name":"wp","href":"https:\/\/api.w.org\/{rel}","templated":true}]}}