{"id":30385,"date":"2021-08-01T09:00:00","date_gmt":"2021-08-01T14:00:00","guid":{"rendered":"http:\/\/www.zonaroja.com.mx\/?p=30385"},"modified":"2021-07-31T21:29:39","modified_gmt":"2021-08-01T02:29:39","slug":"cierra-julio-con-27-personas-desaparecidas-16-hombres-y-11-mujeres","status":"publish","type":"post","link":"https:\/\/zonaroja.com.mx\/?p=30385","title":{"rendered":"Cierra julio con 27 personas desaparecidas; 16 hombres y 11 mujeres"},"content":{"rendered":"\n<p>Evlin Arag\u00f3n\/Zona Roja.<\/p>\n\n\n\n<p>Oaxaca de Ju\u00e1rez, Oax., 1 de agosto de 2021.- El mes de julio cerr\u00f3 con 27 fichas de b\u00fasqueda activas, por parte de la Fiscal\u00eda General del Estado de Oaxaca, para localizar a 16 varones y 11 mujeres de quienes se desconoce su paradero.&nbsp;<\/p>\n\n\n\n<p>El caso m\u00e1s reciente es el de los hermanos Julio C\u00e9sar y Erick Jonat\u00e1n, de 22 y 26 a\u00f1os de edad respectivamente, quienes se mantienen en calidad de desaparecidos luego de que el pasado mi\u00e9rcoles 28 de julio fueron presuntamente \u201clevantados\u201d por un comando armado en inmediaciones de San Mart\u00edn Mexic\u00e1pam.&nbsp;<\/p>\n\n\n\n<p>Seg\u00fan la ficha emitida por la Unidad de B\u00fasqueda de Personas Desaparecidas y No Localizadas (DNOL) que se mantiene activa, los hermanos Montes Medina fueron vistos por \u00faltima vez en la colonia Monte Alb\u00e1n, ubicada en la capital de Oaxaca.&nbsp;<\/p>\n\n\n\n<p>De acuerdo reportes extraoficiales, fue alrededor de las 19:00 horas que un comando, a bordo de dos camionetas color negro, realiz\u00f3 detonaciones de arma de fuego para llevarse de primera cuenta a Julio C\u00e9sar y posteriormente a Erick Jonatan, sin que hasta el momento se sepa de su paradero.&nbsp;<\/p>\n\n\n\n<p>El mismo d\u00eda, pero en otras circunstancias, Frida Itandehui, de tan solo 12 a\u00f1os de edad, fue vista por \u00faltima vez en el Barrio San Miguel, de la Heroica Ciudad de Tlaxiaco, en la regi\u00f3n Mixteca; al igual que Karla Karewit Cl\u00edmaco Ruiz, de 21 a\u00f1os, que desapareci\u00f3 en el puerto de Salina Cruz.&nbsp;<\/p>\n\n\n\n<p>Un d\u00eda antes, la familia de Ad\u00e1n Ram\u00edrez Reyes perdi\u00f3 el rastro del joven, en inmediaciones de Llano Grande, San Miguel del Puerto; previamente fue reportado como desaparecido Irving Moreno Santiago, de 28 a\u00f1os de edad, quien fue visto por \u00faltima vez en San Miguel Soyaltepec.&nbsp;<\/p>\n\n\n\n<p>El 22 de junio se report\u00f3 la desaparici\u00f3n de Javier Rodr\u00edguez Xolo, de 35 a\u00f1os, quien fue visto por \u00faltima vez en San Jos\u00e9 Cosolapa, un d\u00eda antes fueron reportados los casos de Ricardo V\u00e1squez, de 45 a\u00f1os de edad; Perla, de 17; y Edgar Bladimir Gonz\u00e1lez V\u00e1squez, de 24, desaparecidos en Ejutla de Crespo, San Juan Bautista Tuxtepec, y Ocotl\u00e1n de Morelos, respectivamente.<\/p>\n\n\n\n<p>Del 15 al 18 de julio se report\u00f3 la no localizaci\u00f3n de Martiniana Roque Yesca, de 21 a\u00f1os, vista por \u00faltima vez en San Bartolo Coyotepec; Gerardo Carvajal Alameda, de 30, en Santa Cruz Acatepec; Sylvester Muhammad Jim\u00e9nez Rasgado, de 31, en Tlacolula de Matamoros; y Juan Pablo Garc\u00eda Altamirano, de 22, en Santa Mar\u00eda Atzompa.<\/p>\n\n\n\n<p>Desde el 12 de julio no se sabe nada del paradero de Diana Laura D\u00edaz Garc\u00eda de 18 a\u00f1o de edad y su hijo Dylan Francisco de 4 a\u00f1os, quienes fueron vistos por \u00faltima vez en inmediaciones del municipio de Tlacolula de Matamoros; en la misma localidad, pero un d\u00eda antes fue reportado como desaparecido Roberto Ismael P\u00e9rez Morales, de 48 a\u00f1os.&nbsp;<\/p>\n\n\n\n<p>El 10 de julio fueron vistos por \u00faltima vez Manuel Alberto S\u00e1nchez Andrade, de 32 a\u00f1os; y Jos\u00e9 Eduardo Ch\u00e1vez Arango, de 21, en Puerto Escondido y Santa Cruz Lachizolana, Etla.&nbsp;<\/p>\n\n\n\n<p>Un d\u00eda antes se report\u00f3 la desaparici\u00f3n de Lidia Arcos Alvarado de 39 a\u00f1os, quien iba en compa\u00f1\u00eda de su hermana Marisol de12 a\u00f1os y su hija Ana Lidia de 7 a\u00f1os de edad y se perdi\u00f3 su rastro en San Juan Guelache, Etla.<\/p>\n\n\n\n<p>Finalmente, durante la primera semana del mes se report\u00f3 la no localizaci\u00f3n de Eleazar Jos\u00e9 Iv\u00e1n, de 35 a\u00f1os y Juan Jos\u00e9 Trevino, de 29 a\u00f1os, ambos desaparecidos en el paraje Cabeza de Pi\u00f1a entre las poblaciones Boca del Monte y Zacatera de San Juan Guichicovi.<\/p>\n\n\n\n<p>As\u00ed mismo Am\u00e9rica, de 14 a\u00f1os de edad; Iver Jim\u00e9nez S\u00e1nchez, de 48; Flor Lizeth, de 17; y Yaquelin, de 13, desaparecidos en San Juan Bautista Tuxtepec, Juchit\u00e1n de Zaragoza, Santiago Pinotepa Nacional, San Bartolom\u00e9 Ayautla, respectivamente.&nbsp;<\/p>\n","protected":false},"excerpt":{"rendered":"<p>Evlin Arag\u00f3n\/Zona Roja. Oaxaca de Ju\u00e1rez, Oax., 1 de agosto de 2021.- El mes de&hellip;<\/p>\n","protected":false},"author":2,"featured_media":30386,"comment_status":"closed","ping_status":"open","sticky":false,"template":"","format":"standard","meta":{"_lmt_disableupdate":"","_lmt_disable":"","_jetpack_memberships_contains_paid_content":false,"footnotes":""},"categories":[109,47],"tags":[642],"class_list":["post-30385","post","type-post","status-publish","format-standard","has-post-thumbnail","hentry","category-minuto-a-minuto","category-zona-gris","tag-personas-desaparecidas-oaxaca"],"jetpack_featured_media_url":"https:\/\/zonaroja.com.mx\/wp-content\/uploads\/2021\/07\/Fichas-de-busqueda-DNOL.jpg","jetpack_sharing_enabled":true,"_links":{"self":[{"href":"https:\/\/zonaroja.com.mx\/index.php?rest_route=\/wp\/v2\/posts\/30385","targetHints":{"allow":["GET"]}}],"collection":[{"href":"https:\/\/zonaroja.com.mx\/index.php?rest_route=\/wp\/v2\/posts"}],"about":[{"href":"https:\/\/zonaroja.com.mx\/index.php?rest_route=\/wp\/v2\/types\/post"}],"author":[{"embeddable":true,"href":"https:\/\/zonaroja.com.mx\/index.php?rest_route=\/wp\/v2\/users\/2"}],"replies":[{"embeddable":true,"href":"https:\/\/zonaroja.com.mx\/index.php?rest_route=%2Fwp%2Fv2%2Fcomments&post=30385"}],"version-history":[{"count":1,"href":"https:\/\/zonaroja.com.mx\/index.php?rest_route=\/wp\/v2\/posts\/30385\/revisions"}],"predecessor-version":[{"id":30387,"href":"https:\/\/zonaroja.com.mx\/index.php?rest_route=\/wp\/v2\/posts\/30385\/revisions\/30387"}],"wp:featuredmedia":[{"embeddable":true,"href":"https:\/\/zonaroja.com.mx\/index.php?rest_route=\/wp\/v2\/media\/30386"}],"wp:attachment":[{"href":"https:\/\/zonaroja.com.mx\/index.php?rest_route=%2Fwp%2Fv2%2Fmedia&parent=30385"}],"wp:term":[{"taxonomy":"category","embeddable":true,"href":"https:\/\/zonaroja.com.mx\/index.php?rest_route=%2Fwp%2Fv2%2Fcategories&post=30385"},{"taxonomy":"post_tag","embeddable":true,"href":"https:\/\/zonaroja.com.mx\/index.php?rest_route=%2Fwp%2Fv2%2Ftags&post=30385"}],"curies":[{"name":"wp","href":"https:\/\/api.w.org\/{rel}","templated":true}]}}