{"id":30388,"date":"2021-08-01T10:00:44","date_gmt":"2021-08-01T15:00:44","guid":{"rendered":"http:\/\/www.zonaroja.com.mx\/?p=30388"},"modified":"2021-07-31T21:34:32","modified_gmt":"2021-08-01T02:34:32","slug":"necesario-el-lenguaje-incluyente-para-retratar-a-toda-la-sociedad-olga-rosario","status":"publish","type":"post","link":"https:\/\/zonaroja.com.mx\/?p=30388","title":{"rendered":"Necesario el lenguaje incluyente para retratar a toda la sociedad: Olga Rosario"},"content":{"rendered":"\n<p>Evlin Arag\u00f3n\/Zona Roja.<\/p>\n\n\n\n<p>Oaxaca de Ju\u00e1rez, Oax., 1 de agosto de 2021.- \u201cTodav\u00eda nos toca estar picando piedra, estar recordando que las mujeres tenemos que estar incluidas, de lo contrario no existimos. Es incre\u00edble que todav\u00eda se burlen del lenguaje con el buscamos ser nombradas\u201d.<\/p>\n\n\n\n<p>Es la premisa de la periodista oaxaque\u00f1a Olga Rosario Avenda\u00f1o, quien encabez\u00f3 la pl\u00e1tica \u201cPeriodismo y lenguaje incluyente\u201d, como parte del proyecto Charlas de periodistas con periodistas, que promueve la Asociaci\u00f3n de Periodistas de Oaxaca (APO), en conjunto con otras instancias educativas.&nbsp;<\/p>\n\n\n\n<p>Durante su participaci\u00f3n, explic\u00f3 que el lenguaje constituye un medio para reproducir o perpetuar creencias de g\u00e9nero que desvalorizan o invisibilizan a las mujeres y lo femenino, claro ejemplo cuando los varones se niegan a nombrar a las mujeres, pero se ofenden si se refieren a ellos en femenino.<\/p>\n\n\n\n<p>\u201cEl sexismo en el lenguaje es un acto de discriminaci\u00f3n de personas que se consideran superiores respecto al otro sexo. Es decir, que tambi\u00e9n a trav\u00e9s de las palabras se pueden cometer actos de discriminaci\u00f3n que deben ser erradicados\u201d, se\u00f1al\u00f3.<\/p>\n\n\n\n<p>En este sentido, detall\u00f3 que nombrar a las mujeres no es un acto ocioso ni una cuesti\u00f3n de correcci\u00f3n pol\u00edtica, por el contrario, se trata de reconocer la dignidad e igualdad de todas las personas, lo cual no se ha logrado entender por parte de la sociedad que a\u00fan utiliza el masculino gen\u00e9rico en el lenguaje.<\/p>\n\n\n\n<p>Ante dicha situaci\u00f3n, cuestion\u00f3 que las sociedades y los medios de comunicaci\u00f3n se nieguen a nombrar a las mujeres pese a que constituyen la mayor\u00eda de la poblaci\u00f3n en el mundo, as\u00ed como a otros sectores que se encuentran doble o triplemente discriminados.&nbsp;&nbsp;<\/p>\n\n\n\n<p>\u201cAprender a nombrar a las mujeres es un acto de justicia, de respeto y de reconocimiento. Es un derecho que tenemos a ser nombradas\u201d, sentenci\u00f3.<\/p>\n\n\n\n<p>Olga Rosario Avenda\u00f1o mencion\u00f3 que, en la actualidad, el lenguaje no sexista e incluyente, es una propuesta que encabezan mujeres, feministas principalmente, para ser nombradas, sin embargo, este ha sido denostado bajo los argumentos de la econom\u00eda del lenguaje y el respeto a las reglas gramaticales.<\/p>\n\n\n\n<p>De manera particular ha sido cuestionado por los varones que se dedican a escribir y en general el gremio period\u00edstico, lo anterior pese a que estas alturas dicho lenguaje deber\u00eda formar parte de los c\u00f3digos de \u00e9tica de los medios de comunicaci\u00f3n, ya que da cabida a todos los sectores sociales.&nbsp;<\/p>\n\n\n\n<p>La periodista indic\u00f3 que a los medios de comunicaci\u00f3n y quienes ah\u00ed laboran les hace falta cuestionar la ausencia de mujeres en los puestos y eventos p\u00fablicos, en los gabinetes gubernamentales, en las direcciones de las grandes empresas, incluso en los medios de comunicaci\u00f3n y el propio lenguaje.<\/p>\n\n\n\n<p>Por lo anterior, manifest\u00f3 la necesidad de una capacitaci\u00f3n constante en el gremio, un continuo cuestionamiento por parte de las y los periodistas a fin de tomar en cuenta a todas las personas que conforman la sociedad a la cual sirven y para la cual informan.&nbsp;<\/p>\n\n\n\n<p>Ello sin ser visto como una lucha \u00fanicamente de las mujeres, sino como una acci\u00f3n que beneficia a la sociedad en general, de ah\u00ed que los varones tambi\u00e9n deber\u00edan estar involucrados.&nbsp;<\/p>\n\n\n\n<p>&nbsp;\u201cFalta empat\u00eda de los medios de comunicaci\u00f3n de los directivos y editores de manera concreta, les falta capacitarse y reconocer porque es importante nombrar a la mujeres y qu\u00e9 papel juegan en una sociedad, sin olvidar a las audiencias y las nuevas generaciones&nbsp;<\/p>\n\n\n\n<p>Para la periodista, existen muchas formas de poder incluir a todas las personas en el lenguaje, por lo que invit\u00f3 al gremio period\u00edstico a tener una mayor apertura y sensibilidad al nombrar a quienes son protagonistas de las historias que retratan diariamente en los medios de comunicaci\u00f3n.&nbsp;<\/p>\n\n\n\n<p>\u201cLa lengua evoluciona c\u00f3mo evoluciona la humanidad. El lenguaje no es est\u00e1tico, no es como lo dice la Real Academia, el lenguaje se va a adaptando de acuerdo a nuestras necesidades, s\u00ed podemos usar el lenguaje incluyente\u201d, concluy\u00f3.<\/p>\n","protected":false},"excerpt":{"rendered":"<p>Evlin Arag\u00f3n\/Zona Roja. Oaxaca de Ju\u00e1rez, Oax., 1 de agosto de 2021.- \u201cTodav\u00eda nos toca&hellip;<\/p>\n","protected":false},"author":2,"featured_media":30389,"comment_status":"closed","ping_status":"open","sticky":false,"template":"","format":"standard","meta":{"_lmt_disableupdate":"","_lmt_disable":"","_jetpack_memberships_contains_paid_content":false,"footnotes":""},"categories":[109,46],"tags":[2826],"class_list":["post-30388","post","type-post","status-publish","format-standard","has-post-thumbnail","hentry","category-minuto-a-minuto","category-zona-blanca","tag-olga-rosario-avendano"],"jetpack_featured_media_url":"https:\/\/zonaroja.com.mx\/wp-content\/uploads\/2021\/07\/Olga-Rosario-Avendano.jpg","jetpack_sharing_enabled":true,"_links":{"self":[{"href":"https:\/\/zonaroja.com.mx\/index.php?rest_route=\/wp\/v2\/posts\/30388","targetHints":{"allow":["GET"]}}],"collection":[{"href":"https:\/\/zonaroja.com.mx\/index.php?rest_route=\/wp\/v2\/posts"}],"about":[{"href":"https:\/\/zonaroja.com.mx\/index.php?rest_route=\/wp\/v2\/types\/post"}],"author":[{"embeddable":true,"href":"https:\/\/zonaroja.com.mx\/index.php?rest_route=\/wp\/v2\/users\/2"}],"replies":[{"embeddable":true,"href":"https:\/\/zonaroja.com.mx\/index.php?rest_route=%2Fwp%2Fv2%2Fcomments&post=30388"}],"version-history":[{"count":1,"href":"https:\/\/zonaroja.com.mx\/index.php?rest_route=\/wp\/v2\/posts\/30388\/revisions"}],"predecessor-version":[{"id":30390,"href":"https:\/\/zonaroja.com.mx\/index.php?rest_route=\/wp\/v2\/posts\/30388\/revisions\/30390"}],"wp:featuredmedia":[{"embeddable":true,"href":"https:\/\/zonaroja.com.mx\/index.php?rest_route=\/wp\/v2\/media\/30389"}],"wp:attachment":[{"href":"https:\/\/zonaroja.com.mx\/index.php?rest_route=%2Fwp%2Fv2%2Fmedia&parent=30388"}],"wp:term":[{"taxonomy":"category","embeddable":true,"href":"https:\/\/zonaroja.com.mx\/index.php?rest_route=%2Fwp%2Fv2%2Fcategories&post=30388"},{"taxonomy":"post_tag","embeddable":true,"href":"https:\/\/zonaroja.com.mx\/index.php?rest_route=%2Fwp%2Fv2%2Ftags&post=30388"}],"curies":[{"name":"wp","href":"https:\/\/api.w.org\/{rel}","templated":true}]}}