{"id":30397,"date":"2021-08-01T11:42:10","date_gmt":"2021-08-01T16:42:10","guid":{"rendered":"http:\/\/www.zonaroja.com.mx\/?p=30397"},"modified":"2021-08-01T11:42:13","modified_gmt":"2021-08-01T16:42:13","slug":"atienden-los-sso-emergencia-en-tequisistlan-ayer-13-positivos","status":"publish","type":"post","link":"https:\/\/zonaroja.com.mx\/?p=30397","title":{"rendered":"Atienden los SSO emergencia en Tequisistl\u00e1n; ayer 13 positivos"},"content":{"rendered":"\n<p>Redacci\u00f3n\/Zona Roja.<\/p>\n\n\n\n<p>Oaxaca de Ju\u00e1rez, Oax., 1 de agosto de 2021.- La emergencia por Covid-19 contin\u00faa en Magdalena Tequisistl\u00e1n, municipio de la regi\u00f3n del Istmo, y en lo que va de la pandemia, suma 164 casos positivos; tan s\u00f3lo ayer se registraron 13 contagios.<\/p>\n\n\n\n<p>De acuerdo con el \u00faltimo reporte de los Servicios de Salud de Oaxaca, emitido anoche 31 de julio,en Oaxaca suman 55 mil 306 casos confirmados y cuatro mil 155 decesos.<\/p>\n\n\n\n<p>Adem\u00e1s, se registr\u00f3 una ocupaci\u00f3n hospitalaria promedio del 66.3 por ciento, en tanto que 19 nosocomios se encuentran saturados de pacientes.<\/p>\n\n\n\n<p>En un comunicado, la dependencia estatal inform\u00f3 que con el prop\u00f3sito de mitigar los contagios y evitar nuevos brotes del virus SARS-CoV-2 en Tequisistl\u00e1n, a trav\u00e9s de la Jurisdicci\u00f3n Sanitaria n\u00famero 2 \u201cIstmo\u201d, intensifican las acciones en materia de prevenci\u00f3n, vigilancia y atenci\u00f3n en salubridad en esta demarcaci\u00f3n.<\/p>\n\n\n\n<p>Ante lo cual, del 15 de julio a la fecha, una brigada conformada por profesionales de la medicina y enfermer\u00eda llevan a cabo visitas domiciliarias peri\u00f3dicas y tomas de muestras r\u00e1pidas entre las y los habitantes para la detecci\u00f3n de la Covid-19, \u00fanicamente a las personas que cumplan con la sintomatolog\u00eda relacionada a la enfermedad en los \u00faltimos cinco d\u00edas.<\/p>\n\n\n\n<p>Asimismo, el personal adscrito al Centro de Salud de dicha localidad ha hecho valoraciones m\u00e9dicas a personas que cursan con la patolog\u00eda respiratoria, con el fin de establecer el tratamiento adecuado en los casos que as\u00ed lo han requerido.<\/p>\n\n\n\n<p>Dentro de las acciones que en materia de vigilancia epidemiol\u00f3gica se han efectuado son las correspondientes a detecci\u00f3n de casos, permitiendo la atenci\u00f3n adecuada y oportuna de los pacientes, as\u00ed como, actividades de promoci\u00f3n, prevenci\u00f3n a la salud, y control para reducir el riesgo de diseminaci\u00f3n de la infecci\u00f3n en la poblaci\u00f3n.<\/p>\n\n\n\n<p>\u201cEs importante destacar que las estrategias realizadas en la localidad han sido coordinadas junto con el Cabildo municipal encabezado por el presidente y s\u00edndico, a quienes los SSO les han reiterado el compromiso con la protecci\u00f3n a la salud de las familias oaxaque\u00f1as, as\u00ed como continuar trabajando en equipo para coadyuvar en la reducci\u00f3n de contagios en la zona\u201d, detall\u00f3 en el comunicado.<\/p>\n\n\n\n<p>La dependencia exhort\u00f3 a las autoridades, a que contribuyan en el \u00e1mbito de sus competencias para lograr que las personas sean sensibles al riesgo epid\u00e9mico, adem\u00e1s de atender las indicaciones para mitigar los contagios, se identifique y se proteja a quienes est\u00e1n en condiciones de mayor riesgo para desarrollar complicaciones.<\/p>\n\n\n\n<p>Reiter\u00f3 el llamado a la ciudadan\u00eda para que se involucre de manera activa poniendo en pr\u00e1ctica todas las medidas sanitarias para hacer frente y disminuir la cadena de contagios, como el uso correcto del cubrebocas, lavarse las manos con agua y jab\u00f3n, mantener la sana distancia, evitar lugares concurridos y espacios cerrados o con poca ventilaci\u00f3n, as\u00ed como, en la medida de lo posible quedarse en casa.<\/p>\n","protected":false},"excerpt":{"rendered":"<p>Redacci\u00f3n\/Zona Roja. Oaxaca de Ju\u00e1rez, Oax., 1 de agosto de 2021.- La emergencia por Covid-19&hellip;<\/p>\n","protected":false},"author":2,"featured_media":30398,"comment_status":"closed","ping_status":"open","sticky":false,"template":"","format":"standard","meta":{"_lmt_disableupdate":"","_lmt_disable":"","_jetpack_memberships_contains_paid_content":false,"footnotes":""},"categories":[109,47],"tags":[2828,1005],"class_list":["post-30397","post","type-post","status-publish","format-standard","has-post-thumbnail","hentry","category-minuto-a-minuto","category-zona-gris","tag-magdalena-tequisistlan","tag-servicios-de-salud-de-oaxaca-sso"],"jetpack_featured_media_url":"https:\/\/zonaroja.com.mx\/wp-content\/uploads\/2021\/08\/Tequisistlan-Covid.png","jetpack_sharing_enabled":true,"_links":{"self":[{"href":"https:\/\/zonaroja.com.mx\/index.php?rest_route=\/wp\/v2\/posts\/30397","targetHints":{"allow":["GET"]}}],"collection":[{"href":"https:\/\/zonaroja.com.mx\/index.php?rest_route=\/wp\/v2\/posts"}],"about":[{"href":"https:\/\/zonaroja.com.mx\/index.php?rest_route=\/wp\/v2\/types\/post"}],"author":[{"embeddable":true,"href":"https:\/\/zonaroja.com.mx\/index.php?rest_route=\/wp\/v2\/users\/2"}],"replies":[{"embeddable":true,"href":"https:\/\/zonaroja.com.mx\/index.php?rest_route=%2Fwp%2Fv2%2Fcomments&post=30397"}],"version-history":[{"count":1,"href":"https:\/\/zonaroja.com.mx\/index.php?rest_route=\/wp\/v2\/posts\/30397\/revisions"}],"predecessor-version":[{"id":30399,"href":"https:\/\/zonaroja.com.mx\/index.php?rest_route=\/wp\/v2\/posts\/30397\/revisions\/30399"}],"wp:featuredmedia":[{"embeddable":true,"href":"https:\/\/zonaroja.com.mx\/index.php?rest_route=\/wp\/v2\/media\/30398"}],"wp:attachment":[{"href":"https:\/\/zonaroja.com.mx\/index.php?rest_route=%2Fwp%2Fv2%2Fmedia&parent=30397"}],"wp:term":[{"taxonomy":"category","embeddable":true,"href":"https:\/\/zonaroja.com.mx\/index.php?rest_route=%2Fwp%2Fv2%2Fcategories&post=30397"},{"taxonomy":"post_tag","embeddable":true,"href":"https:\/\/zonaroja.com.mx\/index.php?rest_route=%2Fwp%2Fv2%2Ftags&post=30397"}],"curies":[{"name":"wp","href":"https:\/\/api.w.org\/{rel}","templated":true}]}}