{"id":3040,"date":"2019-08-12T21:12:13","date_gmt":"2019-08-13T02:12:13","guid":{"rendered":"http:\/\/www.zonaroja.com.mx\/?p=3040"},"modified":"2019-08-12T21:15:53","modified_gmt":"2019-08-13T02:15:53","slug":"deja-en-la-orfandad-tres-pequenas-guardia-nacional-oaxaqueno","status":"publish","type":"post","link":"https:\/\/zonaroja.com.mx\/?p=3040","title":{"rendered":"Deja en la orfandad tres peque\u00f1as Guardia Nacional oaxaque\u00f1o"},"content":{"rendered":"\n<p>Redacci\u00f3n\/Zona Roja.<\/p>\n\n\n\n<p>Oaxaca de Ju\u00e1rez, Oax., 12 de agosto de 2019.- Su esposa Tomasa ya le\nhab\u00eda dicho que no le gustaba ese trabajo; le dijo que mejor dejara eso de ser\nmilitar. Le pidi\u00f3 que lo hiciera por sus peque\u00f1as hijas.<\/p>\n\n\n\n<p>Pero por su patria y sus hijas, Carlos Anastasio Juan decidi\u00f3 seguir en la milicia y ahora en la Guardia Nacional. Despu\u00e9s de dos d\u00e9cadas de servicio, por fin logr\u00f3 el sue\u00f1o de ser mando y de una nueva corporaci\u00f3n, surgida oficialmente el 30 de junio pasado.<\/p>\n\n\n\n<figure class=\"wp-block-image\"><img decoding=\"async\" width=\"432\" height=\"746\" src=\"http:\/\/www.zonaroja.com.mx\/wp-content\/uploads\/2019\/08\/Guardia-muerto.jpg\" alt=\"\" class=\"wp-image-3041\" srcset=\"https:\/\/zonaroja.com.mx\/wp-content\/uploads\/2019\/08\/Guardia-muerto.jpg 432w, https:\/\/zonaroja.com.mx\/wp-content\/uploads\/2019\/08\/Guardia-muerto-174x300.jpg 174w\" sizes=\"(max-width: 432px) 100vw, 432px\" \/><\/figure>\n\n\n\n<p>Al teniente de Infanter\u00eda le fue asignada una comandancia en el estado\nde Guanajuato. Ah\u00ed estaba cuando con su personal enfrent\u00f3 el s\u00e1bado a unos\npresuntos delincuentes, en la comunidad de Loma de Zempoala, municipio de Yuriria,\nGuanajuato.<\/p>\n\n\n\n<p>Fue herido de bala, cuando proteg\u00eda a una mujer y a su hija, como siempre\nproteg\u00eda desde la lejan\u00eda a su familia. Al hospital lleg\u00f3 herido de muerte, y\nno sobrevivi\u00f3.<\/p>\n\n\n\n<p>El teniente Carlos Anastasio Juan muri\u00f3 el pasado s\u00e1bado, en cumplimiento de su deber. El domingo fue trasladado con todos los honores a Ciudad Ixtepec, Oaxaca, donde viv\u00eda su familia; \u00e9l era originario de Mat\u00edas Romero, otra poblaci\u00f3n istme\u00f1a.<\/p>\n\n\n\n<p>Con los honores de un h\u00e9roe fue velado anoche y despedido en el pante\u00f3n\nla tarde de este lunes, una tarde gris para la Guardia Nacional y para su\nfamilia.<\/p>\n\n\n\n<p>Un elemento le entreg\u00f3 la Bandera Nacional a Tomasa Hern\u00e1ndez y sus tres peque\u00f1as. Ella no pod\u00eda contener el llanto, la rabia, el dolor.<\/p>\n\n\n\n<figure class=\"wp-block-embed-twitter wp-block-embed is-type-rich is-provider-twitter\"><div class=\"wp-block-embed__wrapper\">\n<div class=\"twitter-tweet\"><blockquote class=\"twitter-tweet\" data-lang=\"es\"><p lang=\"es\" dir=\"ltr\"><a href=\"https:\/\/twitter.com\/hashtag\/M%C3%A9xicoGris?src=hash&amp;ref_src=twsrc%5Etfw\">#M\u00e9xicoGris<\/a><br>La tarde de este lunes en Ciudad Ixtepec, <a href=\"https:\/\/twitter.com\/hashtag\/Oaxaca?src=hash&amp;ref_src=twsrc%5Etfw\">#Oaxaca<\/a>, se lleva a cabo el funeral del teniente Juan Carlos Anastasio, primer elemento de la Guardia Nacional abatido en enfrentamiento con probables delincuentes, en el estado de Guanajuato. <a href=\"https:\/\/t.co\/ZdB4gRyfRI\">pic.twitter.com\/ZdB4gRyfRI<\/a><\/p>&mdash; Zona Roja Oaxaca (@MexRoja) <a href=\"https:\/\/twitter.com\/MexRoja\/status\/1161048285454450690?ref_src=twsrc%5Etfw\">12 de agosto de 2019<\/a><\/blockquote><\/div>\n<\/div><\/figure>\n\n\n\n<p>\u00a1Justicia, quiero justicia!, su grito que retumb\u00f3 en toda la colonia\nPicacho de Ixtepec, entre un viento fuerte y un atardecer nublado.<\/p>\n\n\n\n<p>Carlos Anastasio ten\u00eda 37 a\u00f1os de edad. Luch\u00f3 siempre por su patria, por\nel honor de su Bandera Nacional. Se so\u00f1\u00f3 un digno representante de la Guardia\nNacional, para combatir a los delincuentes. Y lo logr\u00f3, a costa de su vida.<\/p>\n\n\n\n<p>\u00a1Justicia, quiero justicia!, el grito de Tomasa. En el cielo oaxaque\u00f1o,\nel rostro de un militar orgulloso de su uniforme. Pero triste de dejar en la\norfandad a sus hijas, y sola a la que fue su compa\u00f1era de vida.<\/p>\n","protected":false},"excerpt":{"rendered":"<p>Redacci\u00f3n\/Zona Roja. Oaxaca de Ju\u00e1rez, Oax., 12 de agosto de 2019.- Su esposa Tomasa ya&hellip;<\/p>\n","protected":false},"author":2,"featured_media":3042,"comment_status":"closed","ping_status":"open","sticky":false,"template":"","format":"standard","meta":{"_lmt_disableupdate":"","_lmt_disable":"","_jetpack_memberships_contains_paid_content":false,"footnotes":""},"categories":[109,47],"tags":[278],"class_list":["post-3040","post","type-post","status-publish","format-standard","has-post-thumbnail","hentry","category-minuto-a-minuto","category-zona-gris","tag-guardia-nacional"],"jetpack_featured_media_url":"https:\/\/zonaroja.com.mx\/wp-content\/uploads\/2019\/08\/Guardia-Ixtepec-3.jpg","jetpack_sharing_enabled":true,"_links":{"self":[{"href":"https:\/\/zonaroja.com.mx\/index.php?rest_route=\/wp\/v2\/posts\/3040","targetHints":{"allow":["GET"]}}],"collection":[{"href":"https:\/\/zonaroja.com.mx\/index.php?rest_route=\/wp\/v2\/posts"}],"about":[{"href":"https:\/\/zonaroja.com.mx\/index.php?rest_route=\/wp\/v2\/types\/post"}],"author":[{"embeddable":true,"href":"https:\/\/zonaroja.com.mx\/index.php?rest_route=\/wp\/v2\/users\/2"}],"replies":[{"embeddable":true,"href":"https:\/\/zonaroja.com.mx\/index.php?rest_route=%2Fwp%2Fv2%2Fcomments&post=3040"}],"version-history":[{"count":2,"href":"https:\/\/zonaroja.com.mx\/index.php?rest_route=\/wp\/v2\/posts\/3040\/revisions"}],"predecessor-version":[{"id":3044,"href":"https:\/\/zonaroja.com.mx\/index.php?rest_route=\/wp\/v2\/posts\/3040\/revisions\/3044"}],"wp:featuredmedia":[{"embeddable":true,"href":"https:\/\/zonaroja.com.mx\/index.php?rest_route=\/wp\/v2\/media\/3042"}],"wp:attachment":[{"href":"https:\/\/zonaroja.com.mx\/index.php?rest_route=%2Fwp%2Fv2%2Fmedia&parent=3040"}],"wp:term":[{"taxonomy":"category","embeddable":true,"href":"https:\/\/zonaroja.com.mx\/index.php?rest_route=%2Fwp%2Fv2%2Fcategories&post=3040"},{"taxonomy":"post_tag","embeddable":true,"href":"https:\/\/zonaroja.com.mx\/index.php?rest_route=%2Fwp%2Fv2%2Ftags&post=3040"}],"curies":[{"name":"wp","href":"https:\/\/api.w.org\/{rel}","templated":true}]}}